{"id":113838,"date":"2023-01-27T13:12:28","date_gmt":"2023-01-27T16:12:28","guid":{"rendered":"https:\/\/acs.org.br\/antigo\/?p=113838"},"modified":"2023-01-27T13:12:28","modified_gmt":"2023-01-27T16:12:28","slug":"cafe-uganda-pode-se-tornar-uma-potencia-do-cafe","status":"publish","type":"post","link":"https:\/\/acs.org.br\/academy\/cafe-uganda-pode-se-tornar-uma-potencia-do-cafe\/","title":{"rendered":"CAF\u00c9: Uganda pode se tornar uma pot\u00eancia do caf\u00e9?"},"content":{"rendered":"<p>Fonte: Caf\u00e9 Point<\/p>\n<p>Uganda, na \u00c1frica Oriental, tem planos de triplicar suas exporta\u00e7\u00f5es de caf\u00e9 at\u00e9 2030, mas essas esperan\u00e7as v\u00eam acompanhadas de advert\u00eancias de que o pa\u00eds deve adotar padr\u00f5es r\u00edgidos de seguran\u00e7a alimentar se quiser acessar os mercados ocidentais.<\/p>\n<p>Segundo a Autoridade de Desenvolvimento do Caf\u00e9 de Uganda (UCDA), \u00f3rg\u00e3o governamental que regula a produ\u00e7\u00e3o cafeeira do pa\u00eds, foram exportadas 6,26 milh\u00f5es de sacas de caf\u00e9 de 60 kg avaliadas em US$ 862 milh\u00f5es (US$ 3,19 trilh\u00f5es) entre agosto de 2021 e julho de 2022, em compara\u00e7\u00e3o com seis milh\u00f5es de sacas avaliadas em US$ 559 milh\u00f5es no mesmo per\u00edodo dos 12 meses anteriores.<\/p>\n<p><a href=\"https:\/\/www.cafepoint.com.br\/noticias\/giro-de-noticias\/a-uganda-pode-se-tornar-uma-potencia-do-cafe-232617\/\">LEIA MAIS&#8230;<\/a><\/p>\n","protected":false},"excerpt":{"rendered":"<p>Fonte: Caf\u00e9 Point Uganda, na \u00c1frica Oriental, tem planos de triplicar suas exporta\u00e7\u00f5es de caf\u00e9 at\u00e9 2030, mas essas esperan\u00e7as v\u00eam acompanhadas de advert\u00eancias de que o pa\u00eds deve adotar padr\u00f5es r\u00edgidos de seguran\u00e7a alimentar se quiser acessar os mercados ocidentais. Segundo a Autoridade de Desenvolvimento do Caf\u00e9 de Uganda (UCDA), \u00f3rg\u00e3o governamental que regula [&hellip;]<\/p>\n","protected":false},"author":66,"featured_media":0,"comment_status":"open","ping_status":"open","sticky":false,"template":"","format":"standard","meta":{"footnotes":""},"categories":[105],"tags":[],"_links":{"self":[{"href":"https:\/\/acs.org.br\/academy\/wp-json\/wp\/v2\/posts\/113838"}],"collection":[{"href":"https:\/\/acs.org.br\/academy\/wp-json\/wp\/v2\/posts"}],"about":[{"href":"https:\/\/acs.org.br\/academy\/wp-json\/wp\/v2\/types\/post"}],"author":[{"embeddable":true,"href":"https:\/\/acs.org.br\/academy\/wp-json\/wp\/v2\/users\/66"}],"replies":[{"embeddable":true,"href":"https:\/\/acs.org.br\/academy\/wp-json\/wp\/v2\/comments?post=113838"}],"version-history":[{"count":1,"href":"https:\/\/acs.org.br\/academy\/wp-json\/wp\/v2\/posts\/113838\/revisions"}],"predecessor-version":[{"id":113843,"href":"https:\/\/acs.org.br\/academy\/wp-json\/wp\/v2\/posts\/113838\/revisions\/113843"}],"wp:attachment":[{"href":"https:\/\/acs.org.br\/academy\/wp-json\/wp\/v2\/media?parent=113838"}],"wp:term":[{"taxonomy":"category","embeddable":true,"href":"https:\/\/acs.org.br\/academy\/wp-json\/wp\/v2\/categories?post=113838"},{"taxonomy":"post_tag","embeddable":true,"href":"https:\/\/acs.org.br\/academy\/wp-json\/wp\/v2\/tags?post=113838"}],"curies":[{"name":"wp","href":"https:\/\/api.w.org\/{rel}","templated":true}]}}