{"id":113837,"date":"2023-01-27T13:11:53","date_gmt":"2023-01-27T16:11:53","guid":{"rendered":"https:\/\/acs.org.br\/antigo\/?p=113837"},"modified":"2023-01-27T13:11:53","modified_gmt":"2023-01-27T16:11:53","slug":"cafe-efeitos-da-guerra-brasil-deixou-de-exportar-400-mil-sacas-de-cafe-soluvel-em-2022","status":"publish","type":"post","link":"https:\/\/acs.org.br\/academy\/cafe-efeitos-da-guerra-brasil-deixou-de-exportar-400-mil-sacas-de-cafe-soluvel-em-2022\/","title":{"rendered":"CAF\u00c9: Efeitos da guerra: Brasil deixou de exportar 400 mil sacas de caf\u00e9 sol\u00favel em 2022"},"content":{"rendered":"<p>Fonte: Not\u00edcias Agr\u00edcolas \u00a0\u00a0\u00a0<\/p>\n<p>De acordo com dados do relat\u00f3rio estat\u00edstico da Associa\u00e7\u00e3o Brasileira da Ind\u00fastria de Caf\u00e9 Sol\u00favel (Abics), as exporta\u00e7\u00f5es nacionais do produto somaram o equivalente a 3,719 milh\u00f5es de sacas de 60 kg em 2022, apresentando queda de 9,1% na compara\u00e7\u00e3o com 2021. Em receita, contudo, os embarques alcan\u00e7aram faturamento recorde de US$ 705,7 milh\u00f5es, avan\u00e7ando 24,5% frente aos US$ 566,7 milh\u00f5es obtidos no ano retrasado.<\/p>\n<p><a href=\"https:\/\/www.noticiasagricolas.com.br\/videos\/cafe\/339657-efeitos-da-guerra-brasil-deixou-de-exportar-400-mil-sacas-de-cafe-soluvel-em-2022.html#.Y9Pcw3bMLIX\">LEIA MAIS&#8230;<\/a><\/p>\n","protected":false},"excerpt":{"rendered":"<p>Fonte: Not\u00edcias Agr\u00edcolas \u00a0\u00a0\u00a0 De acordo com dados do relat\u00f3rio estat\u00edstico da Associa\u00e7\u00e3o Brasileira da Ind\u00fastria de Caf\u00e9 Sol\u00favel (Abics), as exporta\u00e7\u00f5es nacionais do produto somaram o equivalente a 3,719 milh\u00f5es de sacas de 60 kg em 2022, apresentando queda de 9,1% na compara\u00e7\u00e3o com 2021. Em receita, contudo, os embarques alcan\u00e7aram faturamento recorde de [&hellip;]<\/p>\n","protected":false},"author":66,"featured_media":0,"comment_status":"open","ping_status":"open","sticky":false,"template":"","format":"standard","meta":{"footnotes":""},"categories":[105],"tags":[],"_links":{"self":[{"href":"https:\/\/acs.org.br\/academy\/wp-json\/wp\/v2\/posts\/113837"}],"collection":[{"href":"https:\/\/acs.org.br\/academy\/wp-json\/wp\/v2\/posts"}],"about":[{"href":"https:\/\/acs.org.br\/academy\/wp-json\/wp\/v2\/types\/post"}],"author":[{"embeddable":true,"href":"https:\/\/acs.org.br\/academy\/wp-json\/wp\/v2\/users\/66"}],"replies":[{"embeddable":true,"href":"https:\/\/acs.org.br\/academy\/wp-json\/wp\/v2\/comments?post=113837"}],"version-history":[{"count":1,"href":"https:\/\/acs.org.br\/academy\/wp-json\/wp\/v2\/posts\/113837\/revisions"}],"predecessor-version":[{"id":113842,"href":"https:\/\/acs.org.br\/academy\/wp-json\/wp\/v2\/posts\/113837\/revisions\/113842"}],"wp:attachment":[{"href":"https:\/\/acs.org.br\/academy\/wp-json\/wp\/v2\/media?parent=113837"}],"wp:term":[{"taxonomy":"category","embeddable":true,"href":"https:\/\/acs.org.br\/academy\/wp-json\/wp\/v2\/categories?post=113837"},{"taxonomy":"post_tag","embeddable":true,"href":"https:\/\/acs.org.br\/academy\/wp-json\/wp\/v2\/tags?post=113837"}],"curies":[{"name":"wp","href":"https:\/\/api.w.org\/{rel}","templated":true}]}}