{"id":113836,"date":"2023-01-27T13:11:20","date_gmt":"2023-01-27T16:11:20","guid":{"rendered":"https:\/\/acs.org.br\/antigo\/?p=113836"},"modified":"2023-01-27T13:11:20","modified_gmt":"2023-01-27T16:11:20","slug":"mundo-franca-greve-termina-mais-cedo-em-reatores-e-deposito-de-combustiveis","status":"publish","type":"post","link":"https:\/\/acs.org.br\/academy\/mundo-franca-greve-termina-mais-cedo-em-reatores-e-deposito-de-combustiveis\/","title":{"rendered":"MUNDO: Fran\u00e7a: Greve termina mais cedo em reatores e dep\u00f3sito de combust\u00edveis"},"content":{"rendered":"<p>Fonte: Ag\u00eancia Brasil<\/p>\n<p>Greves que tinham previs\u00e3o de durar 48 horas em reatores nucleares e refinaria de combust\u00edveis da Fran\u00e7a terminaram ap\u00f3s um dia, disse o sindicato linha-dura CGT \u00e0 Reuters nesta sexta-feira (27).<\/p>\n<p>A Fran\u00e7a era vista como um exportador l\u00edquido de eletricidade durante o dia at\u00e9 o in\u00edcio da noite de sexta-feira, mostraram dados da operadora de rede RTE, depois de ser um importador l\u00edquido nas primeiras horas da manh\u00e3.<\/p>\n<p><a href=\"https:\/\/agenciabrasil.ebc.com.br\/internacional\/noticia\/2023-01\/franca-greve-termina-mais-cedo-em-reatores-e-deposito-de-combustiveis\">LEIA MAIS&#8230;<\/a><\/p>\n","protected":false},"excerpt":{"rendered":"<p>Fonte: Ag\u00eancia Brasil Greves que tinham previs\u00e3o de durar 48 horas em reatores nucleares e refinaria de combust\u00edveis da Fran\u00e7a terminaram ap\u00f3s um dia, disse o sindicato linha-dura CGT \u00e0 Reuters nesta sexta-feira (27). A Fran\u00e7a era vista como um exportador l\u00edquido de eletricidade durante o dia at\u00e9 o in\u00edcio da noite de sexta-feira, mostraram [&hellip;]<\/p>\n","protected":false},"author":66,"featured_media":0,"comment_status":"open","ping_status":"open","sticky":false,"template":"","format":"standard","meta":{"footnotes":""},"categories":[105],"tags":[],"_links":{"self":[{"href":"https:\/\/acs.org.br\/academy\/wp-json\/wp\/v2\/posts\/113836"}],"collection":[{"href":"https:\/\/acs.org.br\/academy\/wp-json\/wp\/v2\/posts"}],"about":[{"href":"https:\/\/acs.org.br\/academy\/wp-json\/wp\/v2\/types\/post"}],"author":[{"embeddable":true,"href":"https:\/\/acs.org.br\/academy\/wp-json\/wp\/v2\/users\/66"}],"replies":[{"embeddable":true,"href":"https:\/\/acs.org.br\/academy\/wp-json\/wp\/v2\/comments?post=113836"}],"version-history":[{"count":1,"href":"https:\/\/acs.org.br\/academy\/wp-json\/wp\/v2\/posts\/113836\/revisions"}],"predecessor-version":[{"id":113841,"href":"https:\/\/acs.org.br\/academy\/wp-json\/wp\/v2\/posts\/113836\/revisions\/113841"}],"wp:attachment":[{"href":"https:\/\/acs.org.br\/academy\/wp-json\/wp\/v2\/media?parent=113836"}],"wp:term":[{"taxonomy":"category","embeddable":true,"href":"https:\/\/acs.org.br\/academy\/wp-json\/wp\/v2\/categories?post=113836"},{"taxonomy":"post_tag","embeddable":true,"href":"https:\/\/acs.org.br\/academy\/wp-json\/wp\/v2\/tags?post=113836"}],"curies":[{"name":"wp","href":"https:\/\/api.w.org\/{rel}","templated":true}]}}