{"id":113834,"date":"2023-01-27T13:09:52","date_gmt":"2023-01-27T16:09:52","guid":{"rendered":"https:\/\/acs.org.br\/antigo\/?p=113834"},"modified":"2023-01-27T13:12:38","modified_gmt":"2023-01-27T16:12:38","slug":"economia-ibovespa-opera-em-queda-com-abertura-da-temporada-de-balancos-dolar-passa-a-cair","status":"publish","type":"post","link":"https:\/\/acs.org.br\/academy\/economia-ibovespa-opera-em-queda-com-abertura-da-temporada-de-balancos-dolar-passa-a-cair\/","title":{"rendered":"ECONOMIA: Ibovespa opera em queda com abertura da temporada de balan\u00e7os; d\u00f3lar passa a cair"},"content":{"rendered":"<p>Fonte: CNN Brasil<\/p>\n<p>O Ibovespa tinha leve queda nos primeiros neg\u00f3cios desta sexta-feira (27), no primeiro preg\u00e3o ap\u00f3s a abertura da temporada de balan\u00e7o das empresas de capital aberto. O principal da bolsa \u00edndice ca\u00eda 0,41% \u00e0s 10h28, aos 113.712 pontos.<\/p>\n<p><a href=\"https:\/\/www.cnnbrasil.com.br\/business\/mercados-hoje-27-de-janeiro-de-2023\/\">LEIA MAIS&#8230;<\/a><\/p>\n","protected":false},"excerpt":{"rendered":"<p>Fonte: CNN Brasil O Ibovespa tinha leve queda nos primeiros neg\u00f3cios desta sexta-feira (27), no primeiro preg\u00e3o ap\u00f3s a abertura da temporada de balan\u00e7o das empresas de capital aberto. O principal da bolsa \u00edndice ca\u00eda 0,41% \u00e0s 10h28, aos 113.712 pontos. LEIA MAIS&#8230;<\/p>\n","protected":false},"author":66,"featured_media":0,"comment_status":"open","ping_status":"open","sticky":false,"template":"","format":"standard","meta":{"footnotes":""},"categories":[105],"tags":[],"_links":{"self":[{"href":"https:\/\/acs.org.br\/academy\/wp-json\/wp\/v2\/posts\/113834"}],"collection":[{"href":"https:\/\/acs.org.br\/academy\/wp-json\/wp\/v2\/posts"}],"about":[{"href":"https:\/\/acs.org.br\/academy\/wp-json\/wp\/v2\/types\/post"}],"author":[{"embeddable":true,"href":"https:\/\/acs.org.br\/academy\/wp-json\/wp\/v2\/users\/66"}],"replies":[{"embeddable":true,"href":"https:\/\/acs.org.br\/academy\/wp-json\/wp\/v2\/comments?post=113834"}],"version-history":[{"count":2,"href":"https:\/\/acs.org.br\/academy\/wp-json\/wp\/v2\/posts\/113834\/revisions"}],"predecessor-version":[{"id":113844,"href":"https:\/\/acs.org.br\/academy\/wp-json\/wp\/v2\/posts\/113834\/revisions\/113844"}],"wp:attachment":[{"href":"https:\/\/acs.org.br\/academy\/wp-json\/wp\/v2\/media?parent=113834"}],"wp:term":[{"taxonomy":"category","embeddable":true,"href":"https:\/\/acs.org.br\/academy\/wp-json\/wp\/v2\/categories?post=113834"},{"taxonomy":"post_tag","embeddable":true,"href":"https:\/\/acs.org.br\/academy\/wp-json\/wp\/v2\/tags?post=113834"}],"curies":[{"name":"wp","href":"https:\/\/api.w.org\/{rel}","templated":true}]}}