{"id":113824,"date":"2023-01-27T13:09:01","date_gmt":"2023-01-27T16:09:01","guid":{"rendered":"https:\/\/acs.org.br\/antigo\/?p=113824"},"modified":"2023-01-27T13:09:01","modified_gmt":"2023-01-27T16:09:01","slug":"economia-e-possivel-aprovar-tributaria-e-arcabouco-fiscal-ate-abril-na-camara-diz-haddad","status":"publish","type":"post","link":"https:\/\/acs.org.br\/academy\/economia-e-possivel-aprovar-tributaria-e-arcabouco-fiscal-ate-abril-na-camara-diz-haddad\/","title":{"rendered":"ECONOMIA: \u00c9 poss\u00edvel aprovar tribut\u00e1ria e arcabou\u00e7o fiscal at\u00e9 abril na C\u00e2mara, diz Haddad"},"content":{"rendered":"<p>Fonte: EXAME<\/p>\n<p>O Ministro da Fazenda, Fernando Haddad, acredita ser poss\u00edvel aprovar uma reforma tribut\u00e1ria e o novo arcabou\u00e7o fiscal at\u00e9 abril na C\u00e2mara dos Deputados. &#8220;Faz todo o sentido n\u00f3s aprovarmos as duas concomitantemente&#8221;, afirmou em entrevista ao jornal Valor Econ\u00f4mico. &#8220;Porque a\u00ed o Pa\u00eds vai fixar a receita e despesa do Estado brasileiro num horizonte de zerar o d\u00e9ficit herdado da irresponsabilidade de 2022, que foi perpetrada contra este Pa\u00eds para reverter o quadro eleitoral.&#8221;<\/p>\n<p><a href=\"https:\/\/exame.com\/brasil\/e-possivel-aprovar-tributaria-e-arcabouco-fiscal-ate-abril-na-camara-diz-haddad\/\">LEIA MAIS&#8230;<\/a><\/p>\n","protected":false},"excerpt":{"rendered":"<p>Fonte: EXAME O Ministro da Fazenda, Fernando Haddad, acredita ser poss\u00edvel aprovar uma reforma tribut\u00e1ria e o novo arcabou\u00e7o fiscal at\u00e9 abril na C\u00e2mara dos Deputados. &#8220;Faz todo o sentido n\u00f3s aprovarmos as duas concomitantemente&#8221;, afirmou em entrevista ao jornal Valor Econ\u00f4mico. &#8220;Porque a\u00ed o Pa\u00eds vai fixar a receita e despesa do Estado brasileiro [&hellip;]<\/p>\n","protected":false},"author":66,"featured_media":0,"comment_status":"open","ping_status":"open","sticky":false,"template":"","format":"standard","meta":{"footnotes":""},"categories":[105],"tags":[],"_links":{"self":[{"href":"https:\/\/acs.org.br\/academy\/wp-json\/wp\/v2\/posts\/113824"}],"collection":[{"href":"https:\/\/acs.org.br\/academy\/wp-json\/wp\/v2\/posts"}],"about":[{"href":"https:\/\/acs.org.br\/academy\/wp-json\/wp\/v2\/types\/post"}],"author":[{"embeddable":true,"href":"https:\/\/acs.org.br\/academy\/wp-json\/wp\/v2\/users\/66"}],"replies":[{"embeddable":true,"href":"https:\/\/acs.org.br\/academy\/wp-json\/wp\/v2\/comments?post=113824"}],"version-history":[{"count":1,"href":"https:\/\/acs.org.br\/academy\/wp-json\/wp\/v2\/posts\/113824\/revisions"}],"predecessor-version":[{"id":113833,"href":"https:\/\/acs.org.br\/academy\/wp-json\/wp\/v2\/posts\/113824\/revisions\/113833"}],"wp:attachment":[{"href":"https:\/\/acs.org.br\/academy\/wp-json\/wp\/v2\/media?parent=113824"}],"wp:term":[{"taxonomy":"category","embeddable":true,"href":"https:\/\/acs.org.br\/academy\/wp-json\/wp\/v2\/categories?post=113824"},{"taxonomy":"post_tag","embeddable":true,"href":"https:\/\/acs.org.br\/academy\/wp-json\/wp\/v2\/tags?post=113824"}],"curies":[{"name":"wp","href":"https:\/\/api.w.org\/{rel}","templated":true}]}}