{"id":113823,"date":"2023-01-27T13:08:36","date_gmt":"2023-01-27T16:08:36","guid":{"rendered":"https:\/\/acs.org.br\/antigo\/?p=113823"},"modified":"2023-01-27T13:08:36","modified_gmt":"2023-01-27T16:08:36","slug":"economia-lula-diz-que-e-possivel-mercosul-fechar-acordo-com-a-china","status":"publish","type":"post","link":"https:\/\/acs.org.br\/academy\/economia-lula-diz-que-e-possivel-mercosul-fechar-acordo-com-a-china\/","title":{"rendered":"ECONOMIA: Lula diz que \u00e9 poss\u00edvel Mercosul fechar acordo com a China"},"content":{"rendered":"<p>Fonte: UOL<\/p>\n<p>O presidente Luiz In\u00e1cio Lula da Silva afirmou nesta quarta-feira, em pronunciamento ao lado do presidente do Uruguai, Lu\u00eds Alberto Lacalle Pou, em Montevid\u00e9u, que \u00e9 poss\u00edvel o Mercosul firmar um acordo comercial com a China e que as negocia\u00e7\u00f5es ir\u00e3o come\u00e7ar assim que o bloco concluir as negocia\u00e7\u00f5es com a Uni\u00e3o Europeia.<\/p>\n<p><a href=\"https:\/\/economia.uol.com.br\/noticias\/reuters\/2023\/01\/25\/lula-diz-que-mercosul-vai-negociar-acordo-com-china-apos-concluir-pacto-com-ue.htm\">LEIA MAIS&#8230;<\/a><\/p>\n","protected":false},"excerpt":{"rendered":"<p>Fonte: UOL O presidente Luiz In\u00e1cio Lula da Silva afirmou nesta quarta-feira, em pronunciamento ao lado do presidente do Uruguai, Lu\u00eds Alberto Lacalle Pou, em Montevid\u00e9u, que \u00e9 poss\u00edvel o Mercosul firmar um acordo comercial com a China e que as negocia\u00e7\u00f5es ir\u00e3o come\u00e7ar assim que o bloco concluir as negocia\u00e7\u00f5es com a Uni\u00e3o Europeia. [&hellip;]<\/p>\n","protected":false},"author":66,"featured_media":0,"comment_status":"open","ping_status":"open","sticky":false,"template":"","format":"standard","meta":{"footnotes":""},"categories":[105],"tags":[],"_links":{"self":[{"href":"https:\/\/acs.org.br\/academy\/wp-json\/wp\/v2\/posts\/113823"}],"collection":[{"href":"https:\/\/acs.org.br\/academy\/wp-json\/wp\/v2\/posts"}],"about":[{"href":"https:\/\/acs.org.br\/academy\/wp-json\/wp\/v2\/types\/post"}],"author":[{"embeddable":true,"href":"https:\/\/acs.org.br\/academy\/wp-json\/wp\/v2\/users\/66"}],"replies":[{"embeddable":true,"href":"https:\/\/acs.org.br\/academy\/wp-json\/wp\/v2\/comments?post=113823"}],"version-history":[{"count":1,"href":"https:\/\/acs.org.br\/academy\/wp-json\/wp\/v2\/posts\/113823\/revisions"}],"predecessor-version":[{"id":113832,"href":"https:\/\/acs.org.br\/academy\/wp-json\/wp\/v2\/posts\/113823\/revisions\/113832"}],"wp:attachment":[{"href":"https:\/\/acs.org.br\/academy\/wp-json\/wp\/v2\/media?parent=113823"}],"wp:term":[{"taxonomy":"category","embeddable":true,"href":"https:\/\/acs.org.br\/academy\/wp-json\/wp\/v2\/categories?post=113823"},{"taxonomy":"post_tag","embeddable":true,"href":"https:\/\/acs.org.br\/academy\/wp-json\/wp\/v2\/tags?post=113823"}],"curies":[{"name":"wp","href":"https:\/\/api.w.org\/{rel}","templated":true}]}}