{"id":113822,"date":"2023-01-27T13:08:08","date_gmt":"2023-01-27T16:08:08","guid":{"rendered":"https:\/\/acs.org.br\/antigo\/?p=113822"},"modified":"2023-01-27T13:08:08","modified_gmt":"2023-01-27T16:08:08","slug":"economia-governadores-querem-discutir-com-lula-compensacao-por-perdas-no-icms-sobre-combustiveis","status":"publish","type":"post","link":"https:\/\/acs.org.br\/academy\/economia-governadores-querem-discutir-com-lula-compensacao-por-perdas-no-icms-sobre-combustiveis\/","title":{"rendered":"ECONOMIA: Governadores querem discutir com Lula compensa\u00e7\u00e3o por perdas no ICMS sobre combust\u00edveis"},"content":{"rendered":"<p>Fonte: Santaportal<\/p>\n<p>O pagamento de uma compensa\u00e7\u00e3o pela Uni\u00e3o aos estados devido \u00e0s perdas na arrecada\u00e7\u00e3o com a mudan\u00e7a no ICMS (Imposto sobre Circula\u00e7\u00e3o de Mercadorias e Servi\u00e7os) sobre combust\u00edveis deve ser um dos principais itens da reuni\u00e3o entre os 27 governadores e o presidente Luiz In\u00e1cio Lula da Silva (PT) nesta sexta-feira (27).<\/p>\n<p><a href=\"https:\/\/santaportal.com.br\/geral\/governadores-querem-discutir-com-lula-compensacao-por-perdas-no-icms-sobre-combustiveis\/\">LEIA MAIS&#8230;<\/a><\/p>\n","protected":false},"excerpt":{"rendered":"<p>Fonte: Santaportal O pagamento de uma compensa\u00e7\u00e3o pela Uni\u00e3o aos estados devido \u00e0s perdas na arrecada\u00e7\u00e3o com a mudan\u00e7a no ICMS (Imposto sobre Circula\u00e7\u00e3o de Mercadorias e Servi\u00e7os) sobre combust\u00edveis deve ser um dos principais itens da reuni\u00e3o entre os 27 governadores e o presidente Luiz In\u00e1cio Lula da Silva (PT) nesta sexta-feira (27). LEIA [&hellip;]<\/p>\n","protected":false},"author":66,"featured_media":0,"comment_status":"open","ping_status":"open","sticky":false,"template":"","format":"standard","meta":{"footnotes":""},"categories":[105],"tags":[],"_links":{"self":[{"href":"https:\/\/acs.org.br\/academy\/wp-json\/wp\/v2\/posts\/113822"}],"collection":[{"href":"https:\/\/acs.org.br\/academy\/wp-json\/wp\/v2\/posts"}],"about":[{"href":"https:\/\/acs.org.br\/academy\/wp-json\/wp\/v2\/types\/post"}],"author":[{"embeddable":true,"href":"https:\/\/acs.org.br\/academy\/wp-json\/wp\/v2\/users\/66"}],"replies":[{"embeddable":true,"href":"https:\/\/acs.org.br\/academy\/wp-json\/wp\/v2\/comments?post=113822"}],"version-history":[{"count":1,"href":"https:\/\/acs.org.br\/academy\/wp-json\/wp\/v2\/posts\/113822\/revisions"}],"predecessor-version":[{"id":113831,"href":"https:\/\/acs.org.br\/academy\/wp-json\/wp\/v2\/posts\/113822\/revisions\/113831"}],"wp:attachment":[{"href":"https:\/\/acs.org.br\/academy\/wp-json\/wp\/v2\/media?parent=113822"}],"wp:term":[{"taxonomy":"category","embeddable":true,"href":"https:\/\/acs.org.br\/academy\/wp-json\/wp\/v2\/categories?post=113822"},{"taxonomy":"post_tag","embeddable":true,"href":"https:\/\/acs.org.br\/academy\/wp-json\/wp\/v2\/tags?post=113822"}],"curies":[{"name":"wp","href":"https:\/\/api.w.org\/{rel}","templated":true}]}}