{"id":113821,"date":"2023-01-27T13:06:59","date_gmt":"2023-01-27T16:06:59","guid":{"rendered":"https:\/\/acs.org.br\/antigo\/?p=113821"},"modified":"2023-01-27T13:06:59","modified_gmt":"2023-01-27T16:06:59","slug":"economia-conselho-aprova-jean-prates-para-presidir-petrobras","status":"publish","type":"post","link":"https:\/\/acs.org.br\/academy\/economia-conselho-aprova-jean-prates-para-presidir-petrobras\/","title":{"rendered":"ECONOMIA: Conselho aprova Jean Prates para presidir Petrobras"},"content":{"rendered":"<p>Fonte: A Tribuna<\/p>\n<p>O Conselho de Administra\u00e7\u00e3o da Petrobras aprovou ontem, por unanimidade, o ex-senador do PT Jean Paul Prates para a presid\u00eancia da estatal. O processo foi acelerado pela ren\u00fancia do antecessor Caio Paes de Andrade, que deixou a companhia para assumir uma secretaria de S\u00e3o Paulo.<\/p>\n<p><a href=\"https:\/\/acs.org.br\/antigo\/wp-content\/uploads\/2023\/01\/PETROBRAS.pdf\">LEIA MAIS&#8230;<\/a><\/p>\n","protected":false},"excerpt":{"rendered":"<p>Fonte: A Tribuna O Conselho de Administra\u00e7\u00e3o da Petrobras aprovou ontem, por unanimidade, o ex-senador do PT Jean Paul Prates para a presid\u00eancia da estatal. O processo foi acelerado pela ren\u00fancia do antecessor Caio Paes de Andrade, que deixou a companhia para assumir uma secretaria de S\u00e3o Paulo. LEIA MAIS&#8230;<\/p>\n","protected":false},"author":66,"featured_media":0,"comment_status":"open","ping_status":"open","sticky":false,"template":"","format":"standard","meta":{"footnotes":""},"categories":[105],"tags":[],"_links":{"self":[{"href":"https:\/\/acs.org.br\/academy\/wp-json\/wp\/v2\/posts\/113821"}],"collection":[{"href":"https:\/\/acs.org.br\/academy\/wp-json\/wp\/v2\/posts"}],"about":[{"href":"https:\/\/acs.org.br\/academy\/wp-json\/wp\/v2\/types\/post"}],"author":[{"embeddable":true,"href":"https:\/\/acs.org.br\/academy\/wp-json\/wp\/v2\/users\/66"}],"replies":[{"embeddable":true,"href":"https:\/\/acs.org.br\/academy\/wp-json\/wp\/v2\/comments?post=113821"}],"version-history":[{"count":1,"href":"https:\/\/acs.org.br\/academy\/wp-json\/wp\/v2\/posts\/113821\/revisions"}],"predecessor-version":[{"id":113830,"href":"https:\/\/acs.org.br\/academy\/wp-json\/wp\/v2\/posts\/113821\/revisions\/113830"}],"wp:attachment":[{"href":"https:\/\/acs.org.br\/academy\/wp-json\/wp\/v2\/media?parent=113821"}],"wp:term":[{"taxonomy":"category","embeddable":true,"href":"https:\/\/acs.org.br\/academy\/wp-json\/wp\/v2\/categories?post=113821"},{"taxonomy":"post_tag","embeddable":true,"href":"https:\/\/acs.org.br\/academy\/wp-json\/wp\/v2\/tags?post=113821"}],"curies":[{"name":"wp","href":"https:\/\/api.w.org\/{rel}","templated":true}]}}