{"id":113819,"date":"2023-01-27T13:05:56","date_gmt":"2023-01-27T16:05:56","guid":{"rendered":"https:\/\/acs.org.br\/antigo\/?p=113819"},"modified":"2023-01-27T13:05:56","modified_gmt":"2023-01-27T16:05:56","slug":"porto-governador-fala-em-parceria-com-uniao-para-tunel-santos-guaruja","status":"publish","type":"post","link":"https:\/\/acs.org.br\/academy\/porto-governador-fala-em-parceria-com-uniao-para-tunel-santos-guaruja\/","title":{"rendered":"PORTO: Governador fala em parceria com Uni\u00e3o para t\u00fanel Santos-Guaruj\u00e1"},"content":{"rendered":"<p>Fonte: A Tribuna<\/p>\n<p>O governador Tarc\u00edsio Gomes de Freitas (Republicanos) abriu a possibilidade de uma parceria entre os governos Federal e Estadual para que o t\u00fanel de Santos -Guaruj\u00e1 finalmente saia do papel e o Porto de Santos ganhe uma liga\u00e7\u00e3o seca entre as margens Direita e Esquerda do complexo portu\u00e1rio.<\/p>\n<p><a href=\"https:\/\/acs.org.br\/antigo\/wp-content\/uploads\/2023\/01\/TUNEL-SANTOS.pdf\">LEIA MAIS&#8230;<\/a><\/p>\n","protected":false},"excerpt":{"rendered":"<p>Fonte: A Tribuna O governador Tarc\u00edsio Gomes de Freitas (Republicanos) abriu a possibilidade de uma parceria entre os governos Federal e Estadual para que o t\u00fanel de Santos -Guaruj\u00e1 finalmente saia do papel e o Porto de Santos ganhe uma liga\u00e7\u00e3o seca entre as margens Direita e Esquerda do complexo portu\u00e1rio. LEIA MAIS&#8230;<\/p>\n","protected":false},"author":66,"featured_media":0,"comment_status":"open","ping_status":"open","sticky":false,"template":"","format":"standard","meta":{"footnotes":""},"categories":[105],"tags":[],"_links":{"self":[{"href":"https:\/\/acs.org.br\/academy\/wp-json\/wp\/v2\/posts\/113819"}],"collection":[{"href":"https:\/\/acs.org.br\/academy\/wp-json\/wp\/v2\/posts"}],"about":[{"href":"https:\/\/acs.org.br\/academy\/wp-json\/wp\/v2\/types\/post"}],"author":[{"embeddable":true,"href":"https:\/\/acs.org.br\/academy\/wp-json\/wp\/v2\/users\/66"}],"replies":[{"embeddable":true,"href":"https:\/\/acs.org.br\/academy\/wp-json\/wp\/v2\/comments?post=113819"}],"version-history":[{"count":1,"href":"https:\/\/acs.org.br\/academy\/wp-json\/wp\/v2\/posts\/113819\/revisions"}],"predecessor-version":[{"id":113826,"href":"https:\/\/acs.org.br\/academy\/wp-json\/wp\/v2\/posts\/113819\/revisions\/113826"}],"wp:attachment":[{"href":"https:\/\/acs.org.br\/academy\/wp-json\/wp\/v2\/media?parent=113819"}],"wp:term":[{"taxonomy":"category","embeddable":true,"href":"https:\/\/acs.org.br\/academy\/wp-json\/wp\/v2\/categories?post=113819"},{"taxonomy":"post_tag","embeddable":true,"href":"https:\/\/acs.org.br\/academy\/wp-json\/wp\/v2\/tags?post=113819"}],"curies":[{"name":"wp","href":"https:\/\/api.w.org\/{rel}","templated":true}]}}