{"id":113748,"date":"2023-01-25T15:02:53","date_gmt":"2023-01-25T18:02:53","guid":{"rendered":"https:\/\/acs.org.br\/antigo\/?p=113748"},"modified":"2023-01-25T15:02:53","modified_gmt":"2023-01-25T18:02:53","slug":"cafe-principais-pontos-dos-precos-do-cafe-no-mes-de-janeiro","status":"publish","type":"post","link":"https:\/\/acs.org.br\/academy\/cafe-principais-pontos-dos-precos-do-cafe-no-mes-de-janeiro\/","title":{"rendered":"CAF\u00c9: Principais pontos dos pre\u00e7os do caf\u00e9 no m\u00eas de janeiro"},"content":{"rendered":"<p>Fonte: Caf\u00e9 Point<\/p>\n<p>O Rabobank divulgou os principais pontos do m\u00eas de janeiro (at\u00e9 a data da publica\u00e7\u00e3o) em rela\u00e7\u00e3o \u00e0 produ\u00e7\u00e3o cafeeira, como por exemplo: o Brasil exportou 39,4 milh\u00f5es de sacas em 2022, queda de 3,1% em rela\u00e7\u00e3o ao ano anterior. Enquanto as exporta\u00e7\u00f5es de ar\u00e1bica verde aumentaram 3,9%, os embarques de can\u00e9fora verde ca\u00edram 60%.<\/p>\n<p><a href=\"https:\/\/www.cafepoint.com.br\/noticias\/giro-de-noticias\/principais-pontos-dos-precos-do-cafe-no-mes-de-janeiro-232591\/\">LEIA MAIS&#8230;<\/a><\/p>\n","protected":false},"excerpt":{"rendered":"<p>Fonte: Caf\u00e9 Point O Rabobank divulgou os principais pontos do m\u00eas de janeiro (at\u00e9 a data da publica\u00e7\u00e3o) em rela\u00e7\u00e3o \u00e0 produ\u00e7\u00e3o cafeeira, como por exemplo: o Brasil exportou 39,4 milh\u00f5es de sacas em 2022, queda de 3,1% em rela\u00e7\u00e3o ao ano anterior. Enquanto as exporta\u00e7\u00f5es de ar\u00e1bica verde aumentaram 3,9%, os embarques de can\u00e9fora [&hellip;]<\/p>\n","protected":false},"author":66,"featured_media":0,"comment_status":"open","ping_status":"open","sticky":false,"template":"","format":"standard","meta":{"footnotes":""},"categories":[105],"tags":[],"_links":{"self":[{"href":"https:\/\/acs.org.br\/academy\/wp-json\/wp\/v2\/posts\/113748"}],"collection":[{"href":"https:\/\/acs.org.br\/academy\/wp-json\/wp\/v2\/posts"}],"about":[{"href":"https:\/\/acs.org.br\/academy\/wp-json\/wp\/v2\/types\/post"}],"author":[{"embeddable":true,"href":"https:\/\/acs.org.br\/academy\/wp-json\/wp\/v2\/users\/66"}],"replies":[{"embeddable":true,"href":"https:\/\/acs.org.br\/academy\/wp-json\/wp\/v2\/comments?post=113748"}],"version-history":[{"count":1,"href":"https:\/\/acs.org.br\/academy\/wp-json\/wp\/v2\/posts\/113748\/revisions"}],"predecessor-version":[{"id":113750,"href":"https:\/\/acs.org.br\/academy\/wp-json\/wp\/v2\/posts\/113748\/revisions\/113750"}],"wp:attachment":[{"href":"https:\/\/acs.org.br\/academy\/wp-json\/wp\/v2\/media?parent=113748"}],"wp:term":[{"taxonomy":"category","embeddable":true,"href":"https:\/\/acs.org.br\/academy\/wp-json\/wp\/v2\/categories?post=113748"},{"taxonomy":"post_tag","embeddable":true,"href":"https:\/\/acs.org.br\/academy\/wp-json\/wp\/v2\/tags?post=113748"}],"curies":[{"name":"wp","href":"https:\/\/api.w.org\/{rel}","templated":true}]}}