{"id":113745,"date":"2023-01-25T15:01:58","date_gmt":"2023-01-25T18:01:58","guid":{"rendered":"https:\/\/acs.org.br\/antigo\/?p=113745"},"modified":"2023-01-25T15:01:58","modified_gmt":"2023-01-25T18:01:58","slug":"mundo-coreia-do-norte-fecha-capital-por-doenca-respiratoria","status":"publish","type":"post","link":"https:\/\/acs.org.br\/academy\/mundo-coreia-do-norte-fecha-capital-por-doenca-respiratoria\/","title":{"rendered":"MUNDO: Coreia do Norte fecha capital por \u201cdoen\u00e7a respirat\u00f3ria\u201d"},"content":{"rendered":"<p>Fonte: Ag\u00eancia Brasil<\/p>\n<p>As autoridades da capital norte-coreana, Pyongyang, ordenaram um lockdown de cinco dias devido ao aumento de casos de uma doen\u00e7a respirat\u00f3ria n\u00e3o especifica, informaram nesta quarta-feira (25) a embaixada russa e a NK News, sediada em Seul, citando um aviso governamental.<\/p>\n<p><a href=\"https:\/\/agenciabrasil.ebc.com.br\/internacional\/noticia\/2023-01\/coreia-do-norte-fecha-capital-por-doenca-respiratoria\">LEIA MAIS&#8230;<\/a><\/p>\n","protected":false},"excerpt":{"rendered":"<p>Fonte: Ag\u00eancia Brasil As autoridades da capital norte-coreana, Pyongyang, ordenaram um lockdown de cinco dias devido ao aumento de casos de uma doen\u00e7a respirat\u00f3ria n\u00e3o especifica, informaram nesta quarta-feira (25) a embaixada russa e a NK News, sediada em Seul, citando um aviso governamental. LEIA MAIS&#8230;<\/p>\n","protected":false},"author":66,"featured_media":0,"comment_status":"open","ping_status":"open","sticky":false,"template":"","format":"standard","meta":{"footnotes":""},"categories":[105],"tags":[],"_links":{"self":[{"href":"https:\/\/acs.org.br\/academy\/wp-json\/wp\/v2\/posts\/113745"}],"collection":[{"href":"https:\/\/acs.org.br\/academy\/wp-json\/wp\/v2\/posts"}],"about":[{"href":"https:\/\/acs.org.br\/academy\/wp-json\/wp\/v2\/types\/post"}],"author":[{"embeddable":true,"href":"https:\/\/acs.org.br\/academy\/wp-json\/wp\/v2\/users\/66"}],"replies":[{"embeddable":true,"href":"https:\/\/acs.org.br\/academy\/wp-json\/wp\/v2\/comments?post=113745"}],"version-history":[{"count":1,"href":"https:\/\/acs.org.br\/academy\/wp-json\/wp\/v2\/posts\/113745\/revisions"}],"predecessor-version":[{"id":113746,"href":"https:\/\/acs.org.br\/academy\/wp-json\/wp\/v2\/posts\/113745\/revisions\/113746"}],"wp:attachment":[{"href":"https:\/\/acs.org.br\/academy\/wp-json\/wp\/v2\/media?parent=113745"}],"wp:term":[{"taxonomy":"category","embeddable":true,"href":"https:\/\/acs.org.br\/academy\/wp-json\/wp\/v2\/categories?post=113745"},{"taxonomy":"post_tag","embeddable":true,"href":"https:\/\/acs.org.br\/academy\/wp-json\/wp\/v2\/tags?post=113745"}],"curies":[{"name":"wp","href":"https:\/\/api.w.org\/{rel}","templated":true}]}}