{"id":113743,"date":"2023-01-25T15:01:35","date_gmt":"2023-01-25T18:01:35","guid":{"rendered":"https:\/\/acs.org.br\/antigo\/?p=113743"},"modified":"2023-01-25T15:01:35","modified_gmt":"2023-01-25T18:01:35","slug":"mundo-neve-forte-causa-estragos-no-japao-conforme-onda-de-frio-varre-a-asia","status":"publish","type":"post","link":"https:\/\/acs.org.br\/academy\/mundo-neve-forte-causa-estragos-no-japao-conforme-onda-de-frio-varre-a-asia\/","title":{"rendered":"MUNDO: Neve forte causa estragos no Jap\u00e3o conforme onda de frio varre a \u00c1sia"},"content":{"rendered":"<p>Fonte: ISTO\u00c9<\/p>\n<p>A neve cobria grandes \u00e1reas do Jap\u00e3o nesta quarta-feira, congestionando o tr\u00e1fego, for\u00e7ando centenas de cancelamentos de voos, interrompendo viagens de trem e deixando pelo menos uma pessoa morta.<\/p>\n<p><a href=\"https:\/\/istoe.com.br\/neve-forte-causa-estragos\/\">LEIA MAIS&#8230;<\/a><\/p>\n","protected":false},"excerpt":{"rendered":"<p>Fonte: ISTO\u00c9 A neve cobria grandes \u00e1reas do Jap\u00e3o nesta quarta-feira, congestionando o tr\u00e1fego, for\u00e7ando centenas de cancelamentos de voos, interrompendo viagens de trem e deixando pelo menos uma pessoa morta. LEIA MAIS&#8230;<\/p>\n","protected":false},"author":66,"featured_media":0,"comment_status":"open","ping_status":"open","sticky":false,"template":"","format":"standard","meta":{"footnotes":""},"categories":[105],"tags":[],"_links":{"self":[{"href":"https:\/\/acs.org.br\/academy\/wp-json\/wp\/v2\/posts\/113743"}],"collection":[{"href":"https:\/\/acs.org.br\/academy\/wp-json\/wp\/v2\/posts"}],"about":[{"href":"https:\/\/acs.org.br\/academy\/wp-json\/wp\/v2\/types\/post"}],"author":[{"embeddable":true,"href":"https:\/\/acs.org.br\/academy\/wp-json\/wp\/v2\/users\/66"}],"replies":[{"embeddable":true,"href":"https:\/\/acs.org.br\/academy\/wp-json\/wp\/v2\/comments?post=113743"}],"version-history":[{"count":1,"href":"https:\/\/acs.org.br\/academy\/wp-json\/wp\/v2\/posts\/113743\/revisions"}],"predecessor-version":[{"id":113744,"href":"https:\/\/acs.org.br\/academy\/wp-json\/wp\/v2\/posts\/113743\/revisions\/113744"}],"wp:attachment":[{"href":"https:\/\/acs.org.br\/academy\/wp-json\/wp\/v2\/media?parent=113743"}],"wp:term":[{"taxonomy":"category","embeddable":true,"href":"https:\/\/acs.org.br\/academy\/wp-json\/wp\/v2\/categories?post=113743"},{"taxonomy":"post_tag","embeddable":true,"href":"https:\/\/acs.org.br\/academy\/wp-json\/wp\/v2\/tags?post=113743"}],"curies":[{"name":"wp","href":"https:\/\/api.w.org\/{rel}","templated":true}]}}