{"id":113739,"date":"2023-01-25T15:00:42","date_gmt":"2023-01-25T18:00:42","guid":{"rendered":"https:\/\/acs.org.br\/antigo\/?p=113739"},"modified":"2023-01-25T15:00:42","modified_gmt":"2023-01-25T18:00:42","slug":"economia-arrecadacao-federal-atinge-r-21019-bilhoes-em-dezembro-de-2022","status":"publish","type":"post","link":"https:\/\/acs.org.br\/academy\/economia-arrecadacao-federal-atinge-r-21019-bilhoes-em-dezembro-de-2022\/","title":{"rendered":"ECONOMIA: Arrecada\u00e7\u00e3o federal atinge R$ 210,19 bilh\u00f5es em dezembro de 2022"},"content":{"rendered":"<p>Fonte: Ag\u00eancia Brasil<\/p>\n<p>A arrecada\u00e7\u00e3o total das Receitas Federais fechou o m\u00eas de dezembro de 2022 em R$ 210,19 bilh\u00f5es, informou hoje (24) a Receita Federal. O valor representa um acr\u00e9scimo real de 2,47% em rela\u00e7\u00e3o a dezembro de 2021, descontada a infla\u00e7\u00e3o medida pelo \u00cdndice de Pre\u00e7os ao Consumidor Amplo (IPCA). No per\u00edodo acumulado de janeiro a dezembro de 2022, a arrecada\u00e7\u00e3o alcan\u00e7ou o valor de quase R$ 2,22 trilh\u00f5es. O Minist\u00e9rio da Fazenda disse que este \u00e9 o melhor desempenho arrecadat\u00f3rio para o m\u00eas de dezembro desde 2000.<\/p>\n<p><a href=\"https:\/\/agenciabrasil.ebc.com.br\/economia\/noticia\/2023-01\/arrecadacao-federal-atinge-r-21019-bilhoes-em-dezembro-de-2022\">LEIA MAIS&#8230;<\/a><\/p>\n","protected":false},"excerpt":{"rendered":"<p>Fonte: Ag\u00eancia Brasil A arrecada\u00e7\u00e3o total das Receitas Federais fechou o m\u00eas de dezembro de 2022 em R$ 210,19 bilh\u00f5es, informou hoje (24) a Receita Federal. O valor representa um acr\u00e9scimo real de 2,47% em rela\u00e7\u00e3o a dezembro de 2021, descontada a infla\u00e7\u00e3o medida pelo \u00cdndice de Pre\u00e7os ao Consumidor Amplo (IPCA). No per\u00edodo acumulado [&hellip;]<\/p>\n","protected":false},"author":66,"featured_media":0,"comment_status":"open","ping_status":"open","sticky":false,"template":"","format":"standard","meta":{"footnotes":""},"categories":[105],"tags":[],"_links":{"self":[{"href":"https:\/\/acs.org.br\/academy\/wp-json\/wp\/v2\/posts\/113739"}],"collection":[{"href":"https:\/\/acs.org.br\/academy\/wp-json\/wp\/v2\/posts"}],"about":[{"href":"https:\/\/acs.org.br\/academy\/wp-json\/wp\/v2\/types\/post"}],"author":[{"embeddable":true,"href":"https:\/\/acs.org.br\/academy\/wp-json\/wp\/v2\/users\/66"}],"replies":[{"embeddable":true,"href":"https:\/\/acs.org.br\/academy\/wp-json\/wp\/v2\/comments?post=113739"}],"version-history":[{"count":1,"href":"https:\/\/acs.org.br\/academy\/wp-json\/wp\/v2\/posts\/113739\/revisions"}],"predecessor-version":[{"id":113741,"href":"https:\/\/acs.org.br\/academy\/wp-json\/wp\/v2\/posts\/113739\/revisions\/113741"}],"wp:attachment":[{"href":"https:\/\/acs.org.br\/academy\/wp-json\/wp\/v2\/media?parent=113739"}],"wp:term":[{"taxonomy":"category","embeddable":true,"href":"https:\/\/acs.org.br\/academy\/wp-json\/wp\/v2\/categories?post=113739"},{"taxonomy":"post_tag","embeddable":true,"href":"https:\/\/acs.org.br\/academy\/wp-json\/wp\/v2\/tags?post=113739"}],"curies":[{"name":"wp","href":"https:\/\/api.w.org\/{rel}","templated":true}]}}