{"id":113730,"date":"2023-01-25T14:59:29","date_gmt":"2023-01-25T17:59:29","guid":{"rendered":"https:\/\/acs.org.br\/antigo\/?p=113730"},"modified":"2023-01-25T14:59:29","modified_gmt":"2023-01-25T17:59:29","slug":"economia-fgts-restringe-saque-aniversario","status":"publish","type":"post","link":"https:\/\/acs.org.br\/academy\/economia-fgts-restringe-saque-aniversario\/","title":{"rendered":"ECONOMIA: FGTS restringe saque-anivers\u00e1rio"},"content":{"rendered":"<p>Fonte: A Tribuna<\/p>\n<p>O ministro do Trabalho, Luiz Marinho, afirmou ontem que novos pedidos de saque-anivers\u00e1rio do Fundo de Garantia do Tempo de Servi\u00e7o (FGTS) n\u00e3o ser\u00e3o mais permitidos a partir de mar\u00e7o.<\/p>\n<p>Segundo ele, h\u00e1 reclama\u00e7\u00e3o de trabalhadores por conta da reten\u00e7\u00e3o do valor por dois anos em casa de demiss\u00e3o, al\u00e9m do enfraquecimento de fundos para investimento do governo, nos quais o FGTS \u00e9 utilizado.<\/p>\n<p><a href=\"https:\/\/acs.org.br\/antigo\/wp-content\/uploads\/2023\/01\/saque-aniversario.pdf\">LEIA MAIS&#8230;<\/a><\/p>\n","protected":false},"excerpt":{"rendered":"<p>Fonte: A Tribuna O ministro do Trabalho, Luiz Marinho, afirmou ontem que novos pedidos de saque-anivers\u00e1rio do Fundo de Garantia do Tempo de Servi\u00e7o (FGTS) n\u00e3o ser\u00e3o mais permitidos a partir de mar\u00e7o. Segundo ele, h\u00e1 reclama\u00e7\u00e3o de trabalhadores por conta da reten\u00e7\u00e3o do valor por dois anos em casa de demiss\u00e3o, al\u00e9m do enfraquecimento [&hellip;]<\/p>\n","protected":false},"author":66,"featured_media":0,"comment_status":"open","ping_status":"open","sticky":false,"template":"","format":"standard","meta":{"footnotes":""},"categories":[105],"tags":[],"_links":{"self":[{"href":"https:\/\/acs.org.br\/academy\/wp-json\/wp\/v2\/posts\/113730"}],"collection":[{"href":"https:\/\/acs.org.br\/academy\/wp-json\/wp\/v2\/posts"}],"about":[{"href":"https:\/\/acs.org.br\/academy\/wp-json\/wp\/v2\/types\/post"}],"author":[{"embeddable":true,"href":"https:\/\/acs.org.br\/academy\/wp-json\/wp\/v2\/users\/66"}],"replies":[{"embeddable":true,"href":"https:\/\/acs.org.br\/academy\/wp-json\/wp\/v2\/comments?post=113730"}],"version-history":[{"count":1,"href":"https:\/\/acs.org.br\/academy\/wp-json\/wp\/v2\/posts\/113730\/revisions"}],"predecessor-version":[{"id":113735,"href":"https:\/\/acs.org.br\/academy\/wp-json\/wp\/v2\/posts\/113730\/revisions\/113735"}],"wp:attachment":[{"href":"https:\/\/acs.org.br\/academy\/wp-json\/wp\/v2\/media?parent=113730"}],"wp:term":[{"taxonomy":"category","embeddable":true,"href":"https:\/\/acs.org.br\/academy\/wp-json\/wp\/v2\/categories?post=113730"},{"taxonomy":"post_tag","embeddable":true,"href":"https:\/\/acs.org.br\/academy\/wp-json\/wp\/v2\/tags?post=113730"}],"curies":[{"name":"wp","href":"https:\/\/api.w.org\/{rel}","templated":true}]}}