{"id":113695,"date":"2023-01-24T13:51:20","date_gmt":"2023-01-24T16:51:20","guid":{"rendered":"https:\/\/acs.org.br\/antigo\/?p=113695"},"modified":"2023-01-24T13:51:20","modified_gmt":"2023-01-24T16:51:20","slug":"cafe-6-tendencias-para-o-agro-responsavel-em-2023","status":"publish","type":"post","link":"https:\/\/acs.org.br\/academy\/cafe-6-tendencias-para-o-agro-responsavel-em-2023\/","title":{"rendered":"CAF\u00c9: 6 Tend\u00eancias para o agro respons\u00e1vel em 2023"},"content":{"rendered":"<p>Fonte: Caf\u00e9 Point<\/p>\n<p>Pol\u00edtica, economia, clima, tecnologia. Al\u00e9m dos insumos usados no campo, h\u00e1 muitos outros fatores externos a influenciar as decis\u00f5es de quem produz. A cada ano, a cada safra, desenhar cen\u00e1rios, acompanhar a evolu\u00e7\u00e3o dos mercados e pesquisar avan\u00e7os que possam ser incorporados \u00e0s boas pr\u00e1ticas agropecu\u00e1rias torna-se mais importante para que procura produzir de forma respons\u00e1vel.<\/p>\n<p><a href=\"https:\/\/www.cafepoint.com.br\/noticias\/giro-de-noticias\/6-tendencias-para-o-agro-responsavel-em-2023-232590\/\">LEIA MAIS&#8230;<\/a><\/p>\n","protected":false},"excerpt":{"rendered":"<p>Fonte: Caf\u00e9 Point Pol\u00edtica, economia, clima, tecnologia. Al\u00e9m dos insumos usados no campo, h\u00e1 muitos outros fatores externos a influenciar as decis\u00f5es de quem produz. A cada ano, a cada safra, desenhar cen\u00e1rios, acompanhar a evolu\u00e7\u00e3o dos mercados e pesquisar avan\u00e7os que possam ser incorporados \u00e0s boas pr\u00e1ticas agropecu\u00e1rias torna-se mais importante para que procura [&hellip;]<\/p>\n","protected":false},"author":66,"featured_media":0,"comment_status":"open","ping_status":"open","sticky":false,"template":"","format":"standard","meta":{"footnotes":""},"categories":[105],"tags":[],"_links":{"self":[{"href":"https:\/\/acs.org.br\/academy\/wp-json\/wp\/v2\/posts\/113695"}],"collection":[{"href":"https:\/\/acs.org.br\/academy\/wp-json\/wp\/v2\/posts"}],"about":[{"href":"https:\/\/acs.org.br\/academy\/wp-json\/wp\/v2\/types\/post"}],"author":[{"embeddable":true,"href":"https:\/\/acs.org.br\/academy\/wp-json\/wp\/v2\/users\/66"}],"replies":[{"embeddable":true,"href":"https:\/\/acs.org.br\/academy\/wp-json\/wp\/v2\/comments?post=113695"}],"version-history":[{"count":1,"href":"https:\/\/acs.org.br\/academy\/wp-json\/wp\/v2\/posts\/113695\/revisions"}],"predecessor-version":[{"id":113704,"href":"https:\/\/acs.org.br\/academy\/wp-json\/wp\/v2\/posts\/113695\/revisions\/113704"}],"wp:attachment":[{"href":"https:\/\/acs.org.br\/academy\/wp-json\/wp\/v2\/media?parent=113695"}],"wp:term":[{"taxonomy":"category","embeddable":true,"href":"https:\/\/acs.org.br\/academy\/wp-json\/wp\/v2\/categories?post=113695"},{"taxonomy":"post_tag","embeddable":true,"href":"https:\/\/acs.org.br\/academy\/wp-json\/wp\/v2\/tags?post=113695"}],"curies":[{"name":"wp","href":"https:\/\/api.w.org\/{rel}","templated":true}]}}