{"id":113693,"date":"2023-01-24T13:51:11","date_gmt":"2023-01-24T16:51:11","guid":{"rendered":"https:\/\/acs.org.br\/antigo\/?p=113693"},"modified":"2023-01-24T13:51:11","modified_gmt":"2023-01-24T16:51:11","slug":"mundo-ardern-se-despede-emocionada-do-cargo-de-premie-da-nova-zelandia","status":"publish","type":"post","link":"https:\/\/acs.org.br\/academy\/mundo-ardern-se-despede-emocionada-do-cargo-de-premie-da-nova-zelandia\/","title":{"rendered":"MUNDO: Ardern se despede emocionada do cargo de premi\u00ea da Nova Zel\u00e2ndia"},"content":{"rendered":"<p>Fonte: Ag\u00eancia Brasil<\/p>\n<p>Jacinda Ardern se despediu emocionada nesta ter\u00e7a-feira (24) em seu \u00faltimo dia como primeira-ministra, falando da gentileza e empatia que os neozelandeses demonstraram por ela, mas disse que est\u00e1 pronta para ser irm\u00e3 e m\u00e3e.<\/p>\n<p><a href=\"https:\/\/agenciabrasil.ebc.com.br\/internacional\/noticia\/2023-01\/ardern-se-despede-emocionada-do-cargo-de-premie-da-nova-zelandia\">LEIA MAIS&#8230;<\/a><\/p>\n","protected":false},"excerpt":{"rendered":"<p>Fonte: Ag\u00eancia Brasil Jacinda Ardern se despediu emocionada nesta ter\u00e7a-feira (24) em seu \u00faltimo dia como primeira-ministra, falando da gentileza e empatia que os neozelandeses demonstraram por ela, mas disse que est\u00e1 pronta para ser irm\u00e3 e m\u00e3e. LEIA MAIS&#8230;<\/p>\n","protected":false},"author":66,"featured_media":0,"comment_status":"open","ping_status":"open","sticky":false,"template":"","format":"standard","meta":{"footnotes":""},"categories":[105],"tags":[],"_links":{"self":[{"href":"https:\/\/acs.org.br\/academy\/wp-json\/wp\/v2\/posts\/113693"}],"collection":[{"href":"https:\/\/acs.org.br\/academy\/wp-json\/wp\/v2\/posts"}],"about":[{"href":"https:\/\/acs.org.br\/academy\/wp-json\/wp\/v2\/types\/post"}],"author":[{"embeddable":true,"href":"https:\/\/acs.org.br\/academy\/wp-json\/wp\/v2\/users\/66"}],"replies":[{"embeddable":true,"href":"https:\/\/acs.org.br\/academy\/wp-json\/wp\/v2\/comments?post=113693"}],"version-history":[{"count":1,"href":"https:\/\/acs.org.br\/academy\/wp-json\/wp\/v2\/posts\/113693\/revisions"}],"predecessor-version":[{"id":113702,"href":"https:\/\/acs.org.br\/academy\/wp-json\/wp\/v2\/posts\/113693\/revisions\/113702"}],"wp:attachment":[{"href":"https:\/\/acs.org.br\/academy\/wp-json\/wp\/v2\/media?parent=113693"}],"wp:term":[{"taxonomy":"category","embeddable":true,"href":"https:\/\/acs.org.br\/academy\/wp-json\/wp\/v2\/categories?post=113693"},{"taxonomy":"post_tag","embeddable":true,"href":"https:\/\/acs.org.br\/academy\/wp-json\/wp\/v2\/tags?post=113693"}],"curies":[{"name":"wp","href":"https:\/\/api.w.org\/{rel}","templated":true}]}}