{"id":113691,"date":"2023-01-24T13:51:05","date_gmt":"2023-01-24T16:51:05","guid":{"rendered":"https:\/\/acs.org.br\/antigo\/?p=113691"},"modified":"2023-01-24T13:51:05","modified_gmt":"2023-01-24T16:51:05","slug":"transporte-ue-incluira-transporte-maritimo-no-sistema-de-comercio-de-emissoes","status":"publish","type":"post","link":"https:\/\/acs.org.br\/academy\/transporte-ue-incluira-transporte-maritimo-no-sistema-de-comercio-de-emissoes\/","title":{"rendered":"TRANSPORTE: UE incluir\u00e1 transporte mar\u00edtimo no sistema de com\u00e9rcio de emiss\u00f5es"},"content":{"rendered":"<p>Fonte: Portos e Navios \u00a0<\/p>\n<p>Os \u00f3rg\u00e3os legislativos da UE decidiram incluir o transporte mar\u00edtimo em seu Sistema de Com\u00e9rcio de Emiss\u00f5es (EU ETS). Sujeito \u00e0 aprova\u00e7\u00e3o final, a ideia \u00e9 que navios acima de 5.000 GT transportando carga ou passageiros para fins comerciais na UE ser\u00e3o obrigados a adquirir e devolver licen\u00e7as de emiss\u00e3o para suas emiss\u00f5es de CO2 a partir de 2024. Navios offshore ser\u00e3o inclu\u00eddos a partir de 2027.<\/p>\n<p><a href=\"https:\/\/www.portosenavios.com.br\/noticias\/navegacao-e-marinha\/ue-incluira-transporte-maritimo-no-sistema-de-comercio-de-emissoes\">LEIA MAIS&#8230;<\/a><\/p>\n","protected":false},"excerpt":{"rendered":"<p>Fonte: Portos e Navios \u00a0 Os \u00f3rg\u00e3os legislativos da UE decidiram incluir o transporte mar\u00edtimo em seu Sistema de Com\u00e9rcio de Emiss\u00f5es (EU ETS). Sujeito \u00e0 aprova\u00e7\u00e3o final, a ideia \u00e9 que navios acima de 5.000 GT transportando carga ou passageiros para fins comerciais na UE ser\u00e3o obrigados a adquirir e devolver licen\u00e7as de emiss\u00e3o [&hellip;]<\/p>\n","protected":false},"author":66,"featured_media":0,"comment_status":"open","ping_status":"open","sticky":false,"template":"","format":"standard","meta":{"footnotes":""},"categories":[105],"tags":[],"_links":{"self":[{"href":"https:\/\/acs.org.br\/academy\/wp-json\/wp\/v2\/posts\/113691"}],"collection":[{"href":"https:\/\/acs.org.br\/academy\/wp-json\/wp\/v2\/posts"}],"about":[{"href":"https:\/\/acs.org.br\/academy\/wp-json\/wp\/v2\/types\/post"}],"author":[{"embeddable":true,"href":"https:\/\/acs.org.br\/academy\/wp-json\/wp\/v2\/users\/66"}],"replies":[{"embeddable":true,"href":"https:\/\/acs.org.br\/academy\/wp-json\/wp\/v2\/comments?post=113691"}],"version-history":[{"count":1,"href":"https:\/\/acs.org.br\/academy\/wp-json\/wp\/v2\/posts\/113691\/revisions"}],"predecessor-version":[{"id":113700,"href":"https:\/\/acs.org.br\/academy\/wp-json\/wp\/v2\/posts\/113691\/revisions\/113700"}],"wp:attachment":[{"href":"https:\/\/acs.org.br\/academy\/wp-json\/wp\/v2\/media?parent=113691"}],"wp:term":[{"taxonomy":"category","embeddable":true,"href":"https:\/\/acs.org.br\/academy\/wp-json\/wp\/v2\/categories?post=113691"},{"taxonomy":"post_tag","embeddable":true,"href":"https:\/\/acs.org.br\/academy\/wp-json\/wp\/v2\/tags?post=113691"}],"curies":[{"name":"wp","href":"https:\/\/api.w.org\/{rel}","templated":true}]}}