{"id":113685,"date":"2023-01-24T13:51:02","date_gmt":"2023-01-24T16:51:02","guid":{"rendered":"https:\/\/acs.org.br\/antigo\/?p=113685"},"modified":"2023-01-24T13:51:02","modified_gmt":"2023-01-24T16:51:02","slug":"economia-ibge-previa-da-inflacao-ficou-em-055-em-janeiro","status":"publish","type":"post","link":"https:\/\/acs.org.br\/academy\/economia-ibge-previa-da-inflacao-ficou-em-055-em-janeiro\/","title":{"rendered":"ECONOMIA: IBGE: pr\u00e9via da infla\u00e7\u00e3o ficou em 0,55% em janeiro"},"content":{"rendered":"<p>Fonte: Ag\u00eancia Brasil<\/p>\n<p>A pr\u00e9via da infla\u00e7\u00e3o de janeiro teve alta de 0,55%, ap\u00f3s o \u00edndice de 0,52% registrado em dezembro. O \u00cdndice Nacional de Pre\u00e7os ao Consumidor Amplo 15 (IPCA-15), divulgado hoje (24) pelo Instituto Brasileiro de Geografia e Estat\u00edstica (IBGE), mostra que os maiores impactos vieram dos setores da sa\u00fade e cuidados pessoais (1,10%), alimenta\u00e7\u00e3o e bebidas (0,55%), com 0,14 ponto percentual (p.p.) e 0,12 p.p. respectivamente.<\/p>\n<p><a href=\"https:\/\/agenciabrasil.ebc.com.br\/economia\/noticia\/2023-01\/ibge-previa-da-inflacao-ficou-em-055-em-janeiro\">LEIA MAIS&#8230;<\/a><\/p>\n","protected":false},"excerpt":{"rendered":"<p>Fonte: Ag\u00eancia Brasil A pr\u00e9via da infla\u00e7\u00e3o de janeiro teve alta de 0,55%, ap\u00f3s o \u00edndice de 0,52% registrado em dezembro. O \u00cdndice Nacional de Pre\u00e7os ao Consumidor Amplo 15 (IPCA-15), divulgado hoje (24) pelo Instituto Brasileiro de Geografia e Estat\u00edstica (IBGE), mostra que os maiores impactos vieram dos setores da sa\u00fade e cuidados pessoais [&hellip;]<\/p>\n","protected":false},"author":66,"featured_media":0,"comment_status":"open","ping_status":"open","sticky":false,"template":"","format":"standard","meta":{"footnotes":""},"categories":[105],"tags":[],"_links":{"self":[{"href":"https:\/\/acs.org.br\/academy\/wp-json\/wp\/v2\/posts\/113685"}],"collection":[{"href":"https:\/\/acs.org.br\/academy\/wp-json\/wp\/v2\/posts"}],"about":[{"href":"https:\/\/acs.org.br\/academy\/wp-json\/wp\/v2\/types\/post"}],"author":[{"embeddable":true,"href":"https:\/\/acs.org.br\/academy\/wp-json\/wp\/v2\/users\/66"}],"replies":[{"embeddable":true,"href":"https:\/\/acs.org.br\/academy\/wp-json\/wp\/v2\/comments?post=113685"}],"version-history":[{"count":1,"href":"https:\/\/acs.org.br\/academy\/wp-json\/wp\/v2\/posts\/113685\/revisions"}],"predecessor-version":[{"id":113699,"href":"https:\/\/acs.org.br\/academy\/wp-json\/wp\/v2\/posts\/113685\/revisions\/113699"}],"wp:attachment":[{"href":"https:\/\/acs.org.br\/academy\/wp-json\/wp\/v2\/media?parent=113685"}],"wp:term":[{"taxonomy":"category","embeddable":true,"href":"https:\/\/acs.org.br\/academy\/wp-json\/wp\/v2\/categories?post=113685"},{"taxonomy":"post_tag","embeddable":true,"href":"https:\/\/acs.org.br\/academy\/wp-json\/wp\/v2\/tags?post=113685"}],"curies":[{"name":"wp","href":"https:\/\/api.w.org\/{rel}","templated":true}]}}