{"id":113682,"date":"2023-01-24T13:50:53","date_gmt":"2023-01-24T16:50:53","guid":{"rendered":"https:\/\/acs.org.br\/antigo\/?p=113682"},"modified":"2023-01-24T13:50:53","modified_gmt":"2023-01-24T16:50:53","slug":"porto-prefeitos-da-regiao-querem-contribuir-para-projeto-do-tunel","status":"publish","type":"post","link":"https:\/\/acs.org.br\/academy\/porto-prefeitos-da-regiao-querem-contribuir-para-projeto-do-tunel\/","title":{"rendered":"PORTO: Prefeitos da regi\u00e3o querem contribuir para projeto do t\u00fanel"},"content":{"rendered":"<p>Fonte: A Tribuna<\/p>\n<p>Os prefeitos de Santos, Rog\u00e9rio Santos (PSDB), e Guaruj\u00e1, V\u00e1lter Suman (PSDB), se dizem dispostos a dar suas contribui\u00e7\u00f5es ao Minist\u00e9rio de Portos e Aeroportos para o projeto do t\u00fanel Santos-Guaruj\u00e1. Na \u00faltima semana, o ministro M\u00e1rcio Fran\u00e7a falou sobre a possibilidade de a liga\u00e7\u00e3o seca receber investimentos da Santos Port Authority (SPA) e do Governo Federal e j\u00e1 acenou que vai manter di\u00e1logo com as autoridades locais sobre o empreendimento.<\/p>\n<p><a href=\"https:\/\/acs.org.br\/antigo\/wp-content\/uploads\/2023\/01\/agora-vai.pdf\">LEIA MAIS&#8230;<\/a><\/p>\n","protected":false},"excerpt":{"rendered":"<p>Fonte: A Tribuna Os prefeitos de Santos, Rog\u00e9rio Santos (PSDB), e Guaruj\u00e1, V\u00e1lter Suman (PSDB), se dizem dispostos a dar suas contribui\u00e7\u00f5es ao Minist\u00e9rio de Portos e Aeroportos para o projeto do t\u00fanel Santos-Guaruj\u00e1. Na \u00faltima semana, o ministro M\u00e1rcio Fran\u00e7a falou sobre a possibilidade de a liga\u00e7\u00e3o seca receber investimentos da Santos Port Authority [&hellip;]<\/p>\n","protected":false},"author":66,"featured_media":0,"comment_status":"open","ping_status":"open","sticky":false,"template":"","format":"standard","meta":{"footnotes":""},"categories":[105],"tags":[],"_links":{"self":[{"href":"https:\/\/acs.org.br\/academy\/wp-json\/wp\/v2\/posts\/113682"}],"collection":[{"href":"https:\/\/acs.org.br\/academy\/wp-json\/wp\/v2\/posts"}],"about":[{"href":"https:\/\/acs.org.br\/academy\/wp-json\/wp\/v2\/types\/post"}],"author":[{"embeddable":true,"href":"https:\/\/acs.org.br\/academy\/wp-json\/wp\/v2\/users\/66"}],"replies":[{"embeddable":true,"href":"https:\/\/acs.org.br\/academy\/wp-json\/wp\/v2\/comments?post=113682"}],"version-history":[{"count":1,"href":"https:\/\/acs.org.br\/academy\/wp-json\/wp\/v2\/posts\/113682\/revisions"}],"predecessor-version":[{"id":113696,"href":"https:\/\/acs.org.br\/academy\/wp-json\/wp\/v2\/posts\/113682\/revisions\/113696"}],"wp:attachment":[{"href":"https:\/\/acs.org.br\/academy\/wp-json\/wp\/v2\/media?parent=113682"}],"wp:term":[{"taxonomy":"category","embeddable":true,"href":"https:\/\/acs.org.br\/academy\/wp-json\/wp\/v2\/categories?post=113682"},{"taxonomy":"post_tag","embeddable":true,"href":"https:\/\/acs.org.br\/academy\/wp-json\/wp\/v2\/tags?post=113682"}],"curies":[{"name":"wp","href":"https:\/\/api.w.org\/{rel}","templated":true}]}}