{"id":113653,"date":"2023-01-23T13:48:02","date_gmt":"2023-01-23T16:48:02","guid":{"rendered":"https:\/\/acs.org.br\/antigo\/?p=113653"},"modified":"2023-01-23T13:48:02","modified_gmt":"2023-01-23T16:48:02","slug":"cafe-exportacoes-dos-cafes-do-brasil-atingem-volume-fisico-de-3935-milhoes-de-sacas-e-receita-cambial-recorde-de-us-923-bilhoes-em-2022","status":"publish","type":"post","link":"https:\/\/acs.org.br\/academy\/cafe-exportacoes-dos-cafes-do-brasil-atingem-volume-fisico-de-3935-milhoes-de-sacas-e-receita-cambial-recorde-de-us-923-bilhoes-em-2022\/","title":{"rendered":"CAF\u00c9: Exporta\u00e7\u00f5es dos Caf\u00e9s do Brasil atingem volume f\u00edsico de 39,35 milh\u00f5es de sacas e receita cambial recorde de US$ 9,23 bilh\u00f5es em 2022"},"content":{"rendered":"<p>Fonte: Cons\u00f3rcio Pesquisa Caf\u00e9 \u00a0\u00a0\u00a0<\/p>\n<p>As exporta\u00e7\u00f5es dos Caf\u00e9s do Brasil, no \u00faltimo ano de 2022, as quais foram realizadas para 122 pa\u00edses, atingiram receita cambial recorde de US$ 9,23 bilh\u00f5es, montante que representou um incremento bastante expressivo na arrecada\u00e7\u00e3o de 46,9%, caso tal performance seja comparada com os US$ 6,28 bilh\u00f5es contabilizados no ano anterior. Entretanto, em termos de volume f\u00edsico, o pa\u00eds exportou o equivalente a 39,35 milh\u00f5es de sacas de 60 kg, n\u00famero que denotou uma ligeira queda de 3,1%, na compara\u00e7\u00e3o com o volume exportado em 2021.<\/p>\n<p><a href=\"http:\/\/www.consorciopesquisacafe.com.br\/index.php\/imprensa\/noticias\/1145-2023-01-19-15-32-24\">LEIA MAIS&#8230;<\/a><\/p>\n","protected":false},"excerpt":{"rendered":"<p>Fonte: Cons\u00f3rcio Pesquisa Caf\u00e9 \u00a0\u00a0\u00a0 As exporta\u00e7\u00f5es dos Caf\u00e9s do Brasil, no \u00faltimo ano de 2022, as quais foram realizadas para 122 pa\u00edses, atingiram receita cambial recorde de US$ 9,23 bilh\u00f5es, montante que representou um incremento bastante expressivo na arrecada\u00e7\u00e3o de 46,9%, caso tal performance seja comparada com os US$ 6,28 bilh\u00f5es contabilizados no ano [&hellip;]<\/p>\n","protected":false},"author":66,"featured_media":0,"comment_status":"open","ping_status":"open","sticky":false,"template":"","format":"standard","meta":{"footnotes":""},"categories":[105],"tags":[],"_links":{"self":[{"href":"https:\/\/acs.org.br\/academy\/wp-json\/wp\/v2\/posts\/113653"}],"collection":[{"href":"https:\/\/acs.org.br\/academy\/wp-json\/wp\/v2\/posts"}],"about":[{"href":"https:\/\/acs.org.br\/academy\/wp-json\/wp\/v2\/types\/post"}],"author":[{"embeddable":true,"href":"https:\/\/acs.org.br\/academy\/wp-json\/wp\/v2\/users\/66"}],"replies":[{"embeddable":true,"href":"https:\/\/acs.org.br\/academy\/wp-json\/wp\/v2\/comments?post=113653"}],"version-history":[{"count":1,"href":"https:\/\/acs.org.br\/academy\/wp-json\/wp\/v2\/posts\/113653\/revisions"}],"predecessor-version":[{"id":113662,"href":"https:\/\/acs.org.br\/academy\/wp-json\/wp\/v2\/posts\/113653\/revisions\/113662"}],"wp:attachment":[{"href":"https:\/\/acs.org.br\/academy\/wp-json\/wp\/v2\/media?parent=113653"}],"wp:term":[{"taxonomy":"category","embeddable":true,"href":"https:\/\/acs.org.br\/academy\/wp-json\/wp\/v2\/categories?post=113653"},{"taxonomy":"post_tag","embeddable":true,"href":"https:\/\/acs.org.br\/academy\/wp-json\/wp\/v2\/tags?post=113653"}],"curies":[{"name":"wp","href":"https:\/\/api.w.org\/{rel}","templated":true}]}}