{"id":113648,"date":"2023-01-23T13:47:46","date_gmt":"2023-01-23T16:47:46","guid":{"rendered":"https:\/\/acs.org.br\/antigo\/?p=113648"},"modified":"2023-01-23T13:47:46","modified_gmt":"2023-01-23T16:47:46","slug":"mundo-lula-se-reune-com-presidente-da-argentina-nesta-segunda-feira-para-retomar-lacos-com-america-do-sul","status":"publish","type":"post","link":"https:\/\/acs.org.br\/academy\/mundo-lula-se-reune-com-presidente-da-argentina-nesta-segunda-feira-para-retomar-lacos-com-america-do-sul\/","title":{"rendered":"MUNDO: Lula se re\u00fane com presidente da Argentina nesta segunda-feira para retomar la\u00e7os com Am\u00e9rica do Sul"},"content":{"rendered":"<p>Fonte: G1<\/p>\n<p>O presidente Luiz In\u00e1cio Lula da Silva reuniu nesta segunda-feira (23) com o presidente da Argentina, Alberto Fern\u00e1ndez, na Casa Rosada, em Buenos Aires, sede do governo argentino.<\/p>\n<p><a href=\"https:\/\/g1.globo.com\/politica\/noticia\/2023\/01\/23\/lula-se-reune-com-presidente-da-argentina-nesta-segunda-feira-para-retomar-lacos-com-a-regiao.ghtml\">LEIA MAIS&#8230;<\/a><\/p>\n","protected":false},"excerpt":{"rendered":"<p>Fonte: G1 O presidente Luiz In\u00e1cio Lula da Silva reuniu nesta segunda-feira (23) com o presidente da Argentina, Alberto Fern\u00e1ndez, na Casa Rosada, em Buenos Aires, sede do governo argentino. LEIA MAIS&#8230;<\/p>\n","protected":false},"author":66,"featured_media":0,"comment_status":"open","ping_status":"open","sticky":false,"template":"","format":"standard","meta":{"footnotes":""},"categories":[105],"tags":[],"_links":{"self":[{"href":"https:\/\/acs.org.br\/academy\/wp-json\/wp\/v2\/posts\/113648"}],"collection":[{"href":"https:\/\/acs.org.br\/academy\/wp-json\/wp\/v2\/posts"}],"about":[{"href":"https:\/\/acs.org.br\/academy\/wp-json\/wp\/v2\/types\/post"}],"author":[{"embeddable":true,"href":"https:\/\/acs.org.br\/academy\/wp-json\/wp\/v2\/users\/66"}],"replies":[{"embeddable":true,"href":"https:\/\/acs.org.br\/academy\/wp-json\/wp\/v2\/comments?post=113648"}],"version-history":[{"count":1,"href":"https:\/\/acs.org.br\/academy\/wp-json\/wp\/v2\/posts\/113648\/revisions"}],"predecessor-version":[{"id":113659,"href":"https:\/\/acs.org.br\/academy\/wp-json\/wp\/v2\/posts\/113648\/revisions\/113659"}],"wp:attachment":[{"href":"https:\/\/acs.org.br\/academy\/wp-json\/wp\/v2\/media?parent=113648"}],"wp:term":[{"taxonomy":"category","embeddable":true,"href":"https:\/\/acs.org.br\/academy\/wp-json\/wp\/v2\/categories?post=113648"},{"taxonomy":"post_tag","embeddable":true,"href":"https:\/\/acs.org.br\/academy\/wp-json\/wp\/v2\/tags?post=113648"}],"curies":[{"name":"wp","href":"https:\/\/api.w.org\/{rel}","templated":true}]}}