{"id":113645,"date":"2023-01-23T13:47:07","date_gmt":"2023-01-23T16:47:07","guid":{"rendered":"https:\/\/acs.org.br\/antigo\/?p=113645"},"modified":"2023-01-23T13:47:07","modified_gmt":"2023-01-23T16:47:07","slug":"economia-mercado-financeiro-eleva-projecao-da-inflacao-de-539-para-548","status":"publish","type":"post","link":"https:\/\/acs.org.br\/academy\/economia-mercado-financeiro-eleva-projecao-da-inflacao-de-539-para-548\/","title":{"rendered":"ECONOMIA: Mercado financeiro eleva proje\u00e7\u00e3o da infla\u00e7\u00e3o de 5,39% para 5,48%"},"content":{"rendered":"<p>Fonte: Santaportal\u00a0<\/p>\n<p>A previs\u00e3o do mercado financeiro para o \u00cdndice Nacional de Pre\u00e7os ao Consumidor Amplo (IPCA), considerada a infla\u00e7\u00e3o oficial do pa\u00eds, subiu de 5,39% para 5,48% para este ano. A estimativa consta do Boletim Focus de hoje (23), pesquisa divulgada semanalmente pelo Banco Central (BC), em Bras\u00edlia, com a expectativa de institui\u00e7\u00f5es financeiras para os principais indicadores econ\u00f4micos.<\/p>\n<p><a href=\"https:\/\/santaportal.com.br\/geral\/mercado-financeiro-eleva-projecao-da-inflacao-de-539-para-548\/\">LEIA MAIS&#8230;<\/a><\/p>\n","protected":false},"excerpt":{"rendered":"<p>Fonte: Santaportal\u00a0 A previs\u00e3o do mercado financeiro para o \u00cdndice Nacional de Pre\u00e7os ao Consumidor Amplo (IPCA), considerada a infla\u00e7\u00e3o oficial do pa\u00eds, subiu de 5,39% para 5,48% para este ano. A estimativa consta do Boletim Focus de hoje (23), pesquisa divulgada semanalmente pelo Banco Central (BC), em Bras\u00edlia, com a expectativa de institui\u00e7\u00f5es financeiras [&hellip;]<\/p>\n","protected":false},"author":66,"featured_media":0,"comment_status":"open","ping_status":"open","sticky":false,"template":"","format":"standard","meta":{"footnotes":""},"categories":[105],"tags":[],"_links":{"self":[{"href":"https:\/\/acs.org.br\/academy\/wp-json\/wp\/v2\/posts\/113645"}],"collection":[{"href":"https:\/\/acs.org.br\/academy\/wp-json\/wp\/v2\/posts"}],"about":[{"href":"https:\/\/acs.org.br\/academy\/wp-json\/wp\/v2\/types\/post"}],"author":[{"embeddable":true,"href":"https:\/\/acs.org.br\/academy\/wp-json\/wp\/v2\/users\/66"}],"replies":[{"embeddable":true,"href":"https:\/\/acs.org.br\/academy\/wp-json\/wp\/v2\/comments?post=113645"}],"version-history":[{"count":1,"href":"https:\/\/acs.org.br\/academy\/wp-json\/wp\/v2\/posts\/113645\/revisions"}],"predecessor-version":[{"id":113656,"href":"https:\/\/acs.org.br\/academy\/wp-json\/wp\/v2\/posts\/113645\/revisions\/113656"}],"wp:attachment":[{"href":"https:\/\/acs.org.br\/academy\/wp-json\/wp\/v2\/media?parent=113645"}],"wp:term":[{"taxonomy":"category","embeddable":true,"href":"https:\/\/acs.org.br\/academy\/wp-json\/wp\/v2\/categories?post=113645"},{"taxonomy":"post_tag","embeddable":true,"href":"https:\/\/acs.org.br\/academy\/wp-json\/wp\/v2\/tags?post=113645"}],"curies":[{"name":"wp","href":"https:\/\/api.w.org\/{rel}","templated":true}]}}