{"id":113622,"date":"2023-01-20T12:52:04","date_gmt":"2023-01-20T15:52:04","guid":{"rendered":"https:\/\/acs.org.br\/antigo\/?p=113622"},"modified":"2023-01-20T12:52:04","modified_gmt":"2023-01-20T15:52:04","slug":"comercio-exterior-governo-anuncia-habilitacao-de-frigorificos-para-a-indonesia-e-derrubada-de-suspensoes-para-a-china","status":"publish","type":"post","link":"https:\/\/acs.org.br\/academy\/comercio-exterior-governo-anuncia-habilitacao-de-frigorificos-para-a-indonesia-e-derrubada-de-suspensoes-para-a-china\/","title":{"rendered":"COM\u00c9RCIO EXTERIOR: Governo anuncia habilita\u00e7\u00e3o de frigor\u00edficos para a Indon\u00e9sia e derrubada de suspens\u00f5es para a China"},"content":{"rendered":"<p>Fonte: Ag\u00eancia Porto<\/p>\n<p>O ministro da Agricultura e Pecu\u00e1ria, Carlos F\u00e1varo, anunciou a habilita\u00e7\u00e3o de 11 plantas frigor\u00edficas para a Indon\u00e9sia, al\u00e9m da possiblidade de derrubada da suspens\u00e3o da exporta\u00e7\u00e3o de tr\u00eas plantas para a China. O comunicado foi feito em reuni\u00e3o com o presidente da Rep\u00fablica, Luiz In\u00e1cio Lula da Silva.<\/p>\n<p>O Brasil est\u00e1 desde 2019 sem habilitar novas plantas frigor\u00edficas para a China. A possibilidade de retirada da suspens\u00e3o \u00e9 para uma empresa de abate de bovinos e duas de aves, que estavam com as exporta\u00e7\u00f5es para a China suspensas desde 2022. No caso da Indon\u00e9sia, todas as novas habilita\u00e7\u00f5es s\u00e3o para plantas bovinas.<\/p>\n<p><a href=\"https:\/\/agenciaporto.com\/noticias\/governo-anuncia-habilitacao-de-frigorificos-para-a-indonesia-e-derrubada-de-suspensoes-para-a-china\">LEIA MAIS&#8230;<\/a><\/p>\n","protected":false},"excerpt":{"rendered":"<p>Fonte: Ag\u00eancia Porto O ministro da Agricultura e Pecu\u00e1ria, Carlos F\u00e1varo, anunciou a habilita\u00e7\u00e3o de 11 plantas frigor\u00edficas para a Indon\u00e9sia, al\u00e9m da possiblidade de derrubada da suspens\u00e3o da exporta\u00e7\u00e3o de tr\u00eas plantas para a China. O comunicado foi feito em reuni\u00e3o com o presidente da Rep\u00fablica, Luiz In\u00e1cio Lula da Silva. O Brasil est\u00e1 [&hellip;]<\/p>\n","protected":false},"author":66,"featured_media":0,"comment_status":"open","ping_status":"open","sticky":false,"template":"","format":"standard","meta":{"footnotes":""},"categories":[105],"tags":[],"_links":{"self":[{"href":"https:\/\/acs.org.br\/academy\/wp-json\/wp\/v2\/posts\/113622"}],"collection":[{"href":"https:\/\/acs.org.br\/academy\/wp-json\/wp\/v2\/posts"}],"about":[{"href":"https:\/\/acs.org.br\/academy\/wp-json\/wp\/v2\/types\/post"}],"author":[{"embeddable":true,"href":"https:\/\/acs.org.br\/academy\/wp-json\/wp\/v2\/users\/66"}],"replies":[{"embeddable":true,"href":"https:\/\/acs.org.br\/academy\/wp-json\/wp\/v2\/comments?post=113622"}],"version-history":[{"count":1,"href":"https:\/\/acs.org.br\/academy\/wp-json\/wp\/v2\/posts\/113622\/revisions"}],"predecessor-version":[{"id":113631,"href":"https:\/\/acs.org.br\/academy\/wp-json\/wp\/v2\/posts\/113622\/revisions\/113631"}],"wp:attachment":[{"href":"https:\/\/acs.org.br\/academy\/wp-json\/wp\/v2\/media?parent=113622"}],"wp:term":[{"taxonomy":"category","embeddable":true,"href":"https:\/\/acs.org.br\/academy\/wp-json\/wp\/v2\/categories?post=113622"},{"taxonomy":"post_tag","embeddable":true,"href":"https:\/\/acs.org.br\/academy\/wp-json\/wp\/v2\/tags?post=113622"}],"curies":[{"name":"wp","href":"https:\/\/api.w.org\/{rel}","templated":true}]}}