{"id":113620,"date":"2023-01-20T12:51:05","date_gmt":"2023-01-20T15:51:05","guid":{"rendered":"https:\/\/acs.org.br\/antigo\/?p=113620"},"modified":"2023-01-20T12:51:05","modified_gmt":"2023-01-20T15:51:05","slug":"economia-dolar-abre-estavel-e-caminha-para-alta-semanal","status":"publish","type":"post","link":"https:\/\/acs.org.br\/academy\/economia-dolar-abre-estavel-e-caminha-para-alta-semanal\/","title":{"rendered":"ECONOMIA: D\u00f3lar abre est\u00e1vel e caminha para alta semanal"},"content":{"rendered":"<p>Fonte: Santaportal<\/p>\n<p>O d\u00f3lar rondava a estabilidade ao real nos primeiros neg\u00f3cios desta sexta-feira (20), e caminhava para alta semanal, ap\u00f3s dois avan\u00e7os consecutivos influenciados por maior preocupa\u00e7\u00e3o dom\u00e9stica na esteira de declara\u00e7\u00f5es do presidente Luiz In\u00e1cio Lula da Silva.<\/p>\n<p><a href=\"https:\/\/santaportal.com.br\/geral\/dolar-abre-estavel-e-caminha-para-alta-semanal\/\">LEIA MAIS&#8230;<\/a><\/p>\n","protected":false},"excerpt":{"rendered":"<p>Fonte: Santaportal O d\u00f3lar rondava a estabilidade ao real nos primeiros neg\u00f3cios desta sexta-feira (20), e caminhava para alta semanal, ap\u00f3s dois avan\u00e7os consecutivos influenciados por maior preocupa\u00e7\u00e3o dom\u00e9stica na esteira de declara\u00e7\u00f5es do presidente Luiz In\u00e1cio Lula da Silva. LEIA MAIS&#8230;<\/p>\n","protected":false},"author":66,"featured_media":0,"comment_status":"open","ping_status":"open","sticky":false,"template":"","format":"standard","meta":{"footnotes":""},"categories":[105],"tags":[],"_links":{"self":[{"href":"https:\/\/acs.org.br\/academy\/wp-json\/wp\/v2\/posts\/113620"}],"collection":[{"href":"https:\/\/acs.org.br\/academy\/wp-json\/wp\/v2\/posts"}],"about":[{"href":"https:\/\/acs.org.br\/academy\/wp-json\/wp\/v2\/types\/post"}],"author":[{"embeddable":true,"href":"https:\/\/acs.org.br\/academy\/wp-json\/wp\/v2\/users\/66"}],"replies":[{"embeddable":true,"href":"https:\/\/acs.org.br\/academy\/wp-json\/wp\/v2\/comments?post=113620"}],"version-history":[{"count":1,"href":"https:\/\/acs.org.br\/academy\/wp-json\/wp\/v2\/posts\/113620\/revisions"}],"predecessor-version":[{"id":113629,"href":"https:\/\/acs.org.br\/academy\/wp-json\/wp\/v2\/posts\/113620\/revisions\/113629"}],"wp:attachment":[{"href":"https:\/\/acs.org.br\/academy\/wp-json\/wp\/v2\/media?parent=113620"}],"wp:term":[{"taxonomy":"category","embeddable":true,"href":"https:\/\/acs.org.br\/academy\/wp-json\/wp\/v2\/categories?post=113620"},{"taxonomy":"post_tag","embeddable":true,"href":"https:\/\/acs.org.br\/academy\/wp-json\/wp\/v2\/tags?post=113620"}],"curies":[{"name":"wp","href":"https:\/\/api.w.org\/{rel}","templated":true}]}}