{"id":113619,"date":"2023-01-20T12:50:43","date_gmt":"2023-01-20T15:50:43","guid":{"rendered":"https:\/\/acs.org.br\/antigo\/?p=113619"},"modified":"2023-01-20T12:50:43","modified_gmt":"2023-01-20T15:50:43","slug":"economia-comercio-fecha-2022-com-saldo-positivo-diz-sindicato-do-setor","status":"publish","type":"post","link":"https:\/\/acs.org.br\/academy\/economia-comercio-fecha-2022-com-saldo-positivo-diz-sindicato-do-setor\/","title":{"rendered":"ECONOMIA: Com\u00e9rcio fecha 2022 com saldo positivo, diz sindicato do setor"},"content":{"rendered":"<p>Fonte: A Tribuna\u00a0<\/p>\n<p>O com\u00e9rcio da Baixada santista cresceu ao menos 5% no ano passado na compara\u00e7\u00e3o com 2021, conforme pesquisa do Sindicato do Com\u00e9rcio Varejista e do Vale do Ribeira. O levantamento foi feito com mais de 200 lojistas entre os dias 2 e 17.<\/p>\n<p><a href=\"https:\/\/acs.org.br\/antigo\/wp-content\/uploads\/2023\/01\/saldo-sobe-comercio.pdf\">LEIA MAIS&#8230;<\/a><\/p>\n","protected":false},"excerpt":{"rendered":"<p>Fonte: A Tribuna\u00a0 O com\u00e9rcio da Baixada santista cresceu ao menos 5% no ano passado na compara\u00e7\u00e3o com 2021, conforme pesquisa do Sindicato do Com\u00e9rcio Varejista e do Vale do Ribeira. O levantamento foi feito com mais de 200 lojistas entre os dias 2 e 17. LEIA MAIS&#8230;<\/p>\n","protected":false},"author":66,"featured_media":0,"comment_status":"open","ping_status":"open","sticky":false,"template":"","format":"standard","meta":{"footnotes":""},"categories":[105],"tags":[],"_links":{"self":[{"href":"https:\/\/acs.org.br\/academy\/wp-json\/wp\/v2\/posts\/113619"}],"collection":[{"href":"https:\/\/acs.org.br\/academy\/wp-json\/wp\/v2\/posts"}],"about":[{"href":"https:\/\/acs.org.br\/academy\/wp-json\/wp\/v2\/types\/post"}],"author":[{"embeddable":true,"href":"https:\/\/acs.org.br\/academy\/wp-json\/wp\/v2\/users\/66"}],"replies":[{"embeddable":true,"href":"https:\/\/acs.org.br\/academy\/wp-json\/wp\/v2\/comments?post=113619"}],"version-history":[{"count":1,"href":"https:\/\/acs.org.br\/academy\/wp-json\/wp\/v2\/posts\/113619\/revisions"}],"predecessor-version":[{"id":113628,"href":"https:\/\/acs.org.br\/academy\/wp-json\/wp\/v2\/posts\/113619\/revisions\/113628"}],"wp:attachment":[{"href":"https:\/\/acs.org.br\/academy\/wp-json\/wp\/v2\/media?parent=113619"}],"wp:term":[{"taxonomy":"category","embeddable":true,"href":"https:\/\/acs.org.br\/academy\/wp-json\/wp\/v2\/categories?post=113619"},{"taxonomy":"post_tag","embeddable":true,"href":"https:\/\/acs.org.br\/academy\/wp-json\/wp\/v2\/tags?post=113619"}],"curies":[{"name":"wp","href":"https:\/\/api.w.org\/{rel}","templated":true}]}}