{"id":113618,"date":"2023-01-20T12:50:06","date_gmt":"2023-01-20T15:50:06","guid":{"rendered":"https:\/\/acs.org.br\/antigo\/?p=113618"},"modified":"2023-01-20T12:50:06","modified_gmt":"2023-01-20T15:50:06","slug":"porto-linha-ferroviaria-itaqui-santos-comeca-a-escoar-carga-este-ano","status":"publish","type":"post","link":"https:\/\/acs.org.br\/academy\/porto-linha-ferroviaria-itaqui-santos-comeca-a-escoar-carga-este-ano\/","title":{"rendered":"PORTO: Linha ferrovi\u00e1ria Itaqui- Santos come\u00e7a a escoar carga este ano"},"content":{"rendered":"<p>Fonte: A Tribuna<\/p>\n<p>O primeiro transporte de cargas partindo do Porto do Itaqui, no Maranh\u00e3o, em dire\u00e7\u00e3o ao Porto de Santos dever\u00e1 ocorrer ainda este ano. A rota integra a EF-151 ou Ferrovia Norte-Sul, como \u00e9 conhecida, projetada para ser o principal corredor log\u00edstico do Pa\u00eds.<\/p>\n<p><a href=\"https:\/\/acs.org.br\/antigo\/wp-content\/uploads\/2023\/01\/portos-conexao.pdf\">LEIA MAIS&#8230;<\/a><\/p>\n","protected":false},"excerpt":{"rendered":"<p>Fonte: A Tribuna O primeiro transporte de cargas partindo do Porto do Itaqui, no Maranh\u00e3o, em dire\u00e7\u00e3o ao Porto de Santos dever\u00e1 ocorrer ainda este ano. A rota integra a EF-151 ou Ferrovia Norte-Sul, como \u00e9 conhecida, projetada para ser o principal corredor log\u00edstico do Pa\u00eds. LEIA MAIS&#8230;<\/p>\n","protected":false},"author":66,"featured_media":0,"comment_status":"open","ping_status":"open","sticky":false,"template":"","format":"standard","meta":{"footnotes":""},"categories":[105],"tags":[],"_links":{"self":[{"href":"https:\/\/acs.org.br\/academy\/wp-json\/wp\/v2\/posts\/113618"}],"collection":[{"href":"https:\/\/acs.org.br\/academy\/wp-json\/wp\/v2\/posts"}],"about":[{"href":"https:\/\/acs.org.br\/academy\/wp-json\/wp\/v2\/types\/post"}],"author":[{"embeddable":true,"href":"https:\/\/acs.org.br\/academy\/wp-json\/wp\/v2\/users\/66"}],"replies":[{"embeddable":true,"href":"https:\/\/acs.org.br\/academy\/wp-json\/wp\/v2\/comments?post=113618"}],"version-history":[{"count":1,"href":"https:\/\/acs.org.br\/academy\/wp-json\/wp\/v2\/posts\/113618\/revisions"}],"predecessor-version":[{"id":113626,"href":"https:\/\/acs.org.br\/academy\/wp-json\/wp\/v2\/posts\/113618\/revisions\/113626"}],"wp:attachment":[{"href":"https:\/\/acs.org.br\/academy\/wp-json\/wp\/v2\/media?parent=113618"}],"wp:term":[{"taxonomy":"category","embeddable":true,"href":"https:\/\/acs.org.br\/academy\/wp-json\/wp\/v2\/categories?post=113618"},{"taxonomy":"post_tag","embeddable":true,"href":"https:\/\/acs.org.br\/academy\/wp-json\/wp\/v2\/tags?post=113618"}],"curies":[{"name":"wp","href":"https:\/\/api.w.org\/{rel}","templated":true}]}}