{"id":113596,"date":"2023-01-19T13:59:51","date_gmt":"2023-01-19T16:59:51","guid":{"rendered":"https:\/\/acs.org.br\/antigo\/?p=113596"},"modified":"2023-01-19T13:59:51","modified_gmt":"2023-01-19T16:59:51","slug":"cafe-primeiro-levantamento-da-safra-2023-de-cafe-indica-uma-producao-de-5494-milhoes-de-sacas","status":"publish","type":"post","link":"https:\/\/acs.org.br\/academy\/cafe-primeiro-levantamento-da-safra-2023-de-cafe-indica-uma-producao-de-5494-milhoes-de-sacas\/","title":{"rendered":"CAF\u00c9: Primeiro levantamento da safra 2023 de caf\u00e9 indica uma produ\u00e7\u00e3o de 54,94 milh\u00f5es de sacas"},"content":{"rendered":"<p>Fonte: Not\u00edcias Agr\u00edcolas \u00a0<\/p>\n<p>A primeira estimativa para a safra de caf\u00e9 em 2023 aponta para uma produ\u00e7\u00e3o de 54,94 milh\u00f5es de sacas de caf\u00e9 beneficiado. Mesmo neste ano de bienalidade negativa, a previs\u00e3o inicial sinaliza uma produ\u00e7\u00e3o 7,9% superior \u00e0 colhida em 2022, que fechou em 50,9 milh\u00f5es de sacas. As informa\u00e7\u00f5es s\u00e3o do 1\u00ba Levantamento da Safra de Caf\u00e9 2023, divulgado pela Companhia Nacional de Abastecimento (Conab), nesta quinta-feira (19).<\/p>\n<p><a href=\"https:\/\/www.noticiasagricolas.com.br\/noticias\/cafe\/338971-primeiro-levantamento-da-safra-2023-de-cafe-indica-uma-producao-de-54-94-milhoes-de-sacas.html#.Y8k6OnbMLIU\">LEIA MAIS&#8230;<\/a><\/p>\n","protected":false},"excerpt":{"rendered":"<p>Fonte: Not\u00edcias Agr\u00edcolas \u00a0 A primeira estimativa para a safra de caf\u00e9 em 2023 aponta para uma produ\u00e7\u00e3o de 54,94 milh\u00f5es de sacas de caf\u00e9 beneficiado. Mesmo neste ano de bienalidade negativa, a previs\u00e3o inicial sinaliza uma produ\u00e7\u00e3o 7,9% superior \u00e0 colhida em 2022, que fechou em 50,9 milh\u00f5es de sacas. As informa\u00e7\u00f5es s\u00e3o do [&hellip;]<\/p>\n","protected":false},"author":66,"featured_media":0,"comment_status":"open","ping_status":"open","sticky":false,"template":"","format":"standard","meta":{"footnotes":""},"categories":[105],"tags":[],"_links":{"self":[{"href":"https:\/\/acs.org.br\/academy\/wp-json\/wp\/v2\/posts\/113596"}],"collection":[{"href":"https:\/\/acs.org.br\/academy\/wp-json\/wp\/v2\/posts"}],"about":[{"href":"https:\/\/acs.org.br\/academy\/wp-json\/wp\/v2\/types\/post"}],"author":[{"embeddable":true,"href":"https:\/\/acs.org.br\/academy\/wp-json\/wp\/v2\/users\/66"}],"replies":[{"embeddable":true,"href":"https:\/\/acs.org.br\/academy\/wp-json\/wp\/v2\/comments?post=113596"}],"version-history":[{"count":1,"href":"https:\/\/acs.org.br\/academy\/wp-json\/wp\/v2\/posts\/113596\/revisions"}],"predecessor-version":[{"id":113598,"href":"https:\/\/acs.org.br\/academy\/wp-json\/wp\/v2\/posts\/113596\/revisions\/113598"}],"wp:attachment":[{"href":"https:\/\/acs.org.br\/academy\/wp-json\/wp\/v2\/media?parent=113596"}],"wp:term":[{"taxonomy":"category","embeddable":true,"href":"https:\/\/acs.org.br\/academy\/wp-json\/wp\/v2\/categories?post=113596"},{"taxonomy":"post_tag","embeddable":true,"href":"https:\/\/acs.org.br\/academy\/wp-json\/wp\/v2\/tags?post=113596"}],"curies":[{"name":"wp","href":"https:\/\/api.w.org\/{rel}","templated":true}]}}