{"id":113588,"date":"2023-01-19T13:59:25","date_gmt":"2023-01-19T16:59:25","guid":{"rendered":"https:\/\/acs.org.br\/antigo\/?p=113588"},"modified":"2023-01-19T13:59:25","modified_gmt":"2023-01-19T16:59:25","slug":"mundo-primeira-ministra-da-nova-zelandia-anuncia-que-renunciara-nao-tenho-mais-energia","status":"publish","type":"post","link":"https:\/\/acs.org.br\/academy\/mundo-primeira-ministra-da-nova-zelandia-anuncia-que-renunciara-nao-tenho-mais-energia\/","title":{"rendered":"MUNDO: Primeira-ministra da Nova Zel\u00e2ndia anuncia que renunciar\u00e1: \u201cN\u00e3o tenho mais energia\u201d"},"content":{"rendered":"<p>Fonte: ISTO\u00c9<\/p>\n<p>A primeira-ministra da Nova Zel\u00e2ndia, Jacinda Ardern, anunciou nesta quinta-feira (18, noite de quarta no Brasil) que deixar\u00e1 o cargo em fevereiro.<\/p>\n<p><a href=\"https:\/\/istoe.com.br\/primeira-ministra-da-nova-zelandia-anuncia-que-renunciara\/?utm_source=pushnews&amp;utm_medium=pushnotification\">LEIA MAIS&#8230;<\/a><\/p>\n","protected":false},"excerpt":{"rendered":"<p>Fonte: ISTO\u00c9 A primeira-ministra da Nova Zel\u00e2ndia, Jacinda Ardern, anunciou nesta quinta-feira (18, noite de quarta no Brasil) que deixar\u00e1 o cargo em fevereiro. LEIA MAIS&#8230;<\/p>\n","protected":false},"author":66,"featured_media":0,"comment_status":"open","ping_status":"open","sticky":false,"template":"","format":"standard","meta":{"footnotes":""},"categories":[105],"tags":[],"_links":{"self":[{"href":"https:\/\/acs.org.br\/academy\/wp-json\/wp\/v2\/posts\/113588"}],"collection":[{"href":"https:\/\/acs.org.br\/academy\/wp-json\/wp\/v2\/posts"}],"about":[{"href":"https:\/\/acs.org.br\/academy\/wp-json\/wp\/v2\/types\/post"}],"author":[{"embeddable":true,"href":"https:\/\/acs.org.br\/academy\/wp-json\/wp\/v2\/users\/66"}],"replies":[{"embeddable":true,"href":"https:\/\/acs.org.br\/academy\/wp-json\/wp\/v2\/comments?post=113588"}],"version-history":[{"count":1,"href":"https:\/\/acs.org.br\/academy\/wp-json\/wp\/v2\/posts\/113588\/revisions"}],"predecessor-version":[{"id":113597,"href":"https:\/\/acs.org.br\/academy\/wp-json\/wp\/v2\/posts\/113588\/revisions\/113597"}],"wp:attachment":[{"href":"https:\/\/acs.org.br\/academy\/wp-json\/wp\/v2\/media?parent=113588"}],"wp:term":[{"taxonomy":"category","embeddable":true,"href":"https:\/\/acs.org.br\/academy\/wp-json\/wp\/v2\/categories?post=113588"},{"taxonomy":"post_tag","embeddable":true,"href":"https:\/\/acs.org.br\/academy\/wp-json\/wp\/v2\/tags?post=113588"}],"curies":[{"name":"wp","href":"https:\/\/api.w.org\/{rel}","templated":true}]}}