{"id":113586,"date":"2023-01-19T13:58:22","date_gmt":"2023-01-19T16:58:22","guid":{"rendered":"https:\/\/acs.org.br\/antigo\/?p=113586"},"modified":"2023-01-19T13:58:22","modified_gmt":"2023-01-19T16:58:22","slug":"transporte-governo-destinara-r-17-bilhao-para-setor-rodoviario-e-ferroviario","status":"publish","type":"post","link":"https:\/\/acs.org.br\/academy\/transporte-governo-destinara-r-17-bilhao-para-setor-rodoviario-e-ferroviario\/","title":{"rendered":"TRANSPORTE: Governo destinar\u00e1 R$ 1,7 bilh\u00e3o para setor rodovi\u00e1rio e ferrovi\u00e1rio"},"content":{"rendered":"<p>Fonte: Ag\u00eancia Brasil<\/p>\n<p>Os setores rodovi\u00e1rio e ferrovi\u00e1rio ter\u00e3o cerca de R$ 1,7 bilh\u00e3o para retomar e intensificar obras, preparar rodovias para o per\u00edodo de chuvas, garantir o escoamento da safra agr\u00edcola e diminuir o n\u00famero de acidentes graves. Os recursos fazem parte das a\u00e7\u00f5es priorit\u00e1rias dos 100 dias de governo divulgadas nesta quarta-feira (18) pelo Minist\u00e9rio dos Transportes.<\/p>\n<p><a href=\"https:\/\/agenciabrasil.ebc.com.br\/economia\/noticia\/2023-01\/governo-destinara-r-17-bilhao-para-setor-rodoviario-e-ferroviario\">LEIA MAIS&#8230;<\/a><\/p>\n","protected":false},"excerpt":{"rendered":"<p>Fonte: Ag\u00eancia Brasil Os setores rodovi\u00e1rio e ferrovi\u00e1rio ter\u00e3o cerca de R$ 1,7 bilh\u00e3o para retomar e intensificar obras, preparar rodovias para o per\u00edodo de chuvas, garantir o escoamento da safra agr\u00edcola e diminuir o n\u00famero de acidentes graves. Os recursos fazem parte das a\u00e7\u00f5es priorit\u00e1rias dos 100 dias de governo divulgadas nesta quarta-feira (18) [&hellip;]<\/p>\n","protected":false},"author":66,"featured_media":0,"comment_status":"open","ping_status":"open","sticky":false,"template":"","format":"standard","meta":{"footnotes":""},"categories":[105],"tags":[],"_links":{"self":[{"href":"https:\/\/acs.org.br\/academy\/wp-json\/wp\/v2\/posts\/113586"}],"collection":[{"href":"https:\/\/acs.org.br\/academy\/wp-json\/wp\/v2\/posts"}],"about":[{"href":"https:\/\/acs.org.br\/academy\/wp-json\/wp\/v2\/types\/post"}],"author":[{"embeddable":true,"href":"https:\/\/acs.org.br\/academy\/wp-json\/wp\/v2\/users\/66"}],"replies":[{"embeddable":true,"href":"https:\/\/acs.org.br\/academy\/wp-json\/wp\/v2\/comments?post=113586"}],"version-history":[{"count":1,"href":"https:\/\/acs.org.br\/academy\/wp-json\/wp\/v2\/posts\/113586\/revisions"}],"predecessor-version":[{"id":113594,"href":"https:\/\/acs.org.br\/academy\/wp-json\/wp\/v2\/posts\/113586\/revisions\/113594"}],"wp:attachment":[{"href":"https:\/\/acs.org.br\/academy\/wp-json\/wp\/v2\/media?parent=113586"}],"wp:term":[{"taxonomy":"category","embeddable":true,"href":"https:\/\/acs.org.br\/academy\/wp-json\/wp\/v2\/categories?post=113586"},{"taxonomy":"post_tag","embeddable":true,"href":"https:\/\/acs.org.br\/academy\/wp-json\/wp\/v2\/tags?post=113586"}],"curies":[{"name":"wp","href":"https:\/\/api.w.org\/{rel}","templated":true}]}}