{"id":113585,"date":"2023-01-19T13:57:55","date_gmt":"2023-01-19T16:57:55","guid":{"rendered":"https:\/\/acs.org.br\/antigo\/?p=113585"},"modified":"2023-01-19T13:57:55","modified_gmt":"2023-01-19T16:57:55","slug":"economia-desemprego-recua-para-81-em-novembro","status":"publish","type":"post","link":"https:\/\/acs.org.br\/academy\/economia-desemprego-recua-para-81-em-novembro\/","title":{"rendered":"ECONOMIA: Desemprego recua para 8,1% em novembro"},"content":{"rendered":"<p>Fonte: G1<\/p>\n<p>A taxa de desemprego no Brasil caiu para 8,1% em novembro. Foi a menor taxa de desocupa\u00e7\u00e3o desde o trimestre encerrado em abril de 2015, que registrou a mesma taxa.<\/p>\n<p>Os dados s\u00e3o da Pesquisa Nacional por Amostra de Domic\u00edlios (PNAD) Cont\u00ednua, divulgada nesta quinta-feira (19) pelo IBGE.<\/p>\n<p><a href=\"https:\/\/g1.globo.com\/economia\/noticia\/2023\/01\/19\/desemprego-recua-para-81percent-em-novembro.ghtml?utm_source=push&amp;utm_medium=web&amp;utm_campaign=pushwebg1\">LEIA MAIS&#8230;<\/a><\/p>\n","protected":false},"excerpt":{"rendered":"<p>Fonte: G1 A taxa de desemprego no Brasil caiu para 8,1% em novembro. Foi a menor taxa de desocupa\u00e7\u00e3o desde o trimestre encerrado em abril de 2015, que registrou a mesma taxa. Os dados s\u00e3o da Pesquisa Nacional por Amostra de Domic\u00edlios (PNAD) Cont\u00ednua, divulgada nesta quinta-feira (19) pelo IBGE. LEIA MAIS&#8230;<\/p>\n","protected":false},"author":66,"featured_media":0,"comment_status":"open","ping_status":"open","sticky":false,"template":"","format":"standard","meta":{"footnotes":""},"categories":[105],"tags":[],"_links":{"self":[{"href":"https:\/\/acs.org.br\/academy\/wp-json\/wp\/v2\/posts\/113585"}],"collection":[{"href":"https:\/\/acs.org.br\/academy\/wp-json\/wp\/v2\/posts"}],"about":[{"href":"https:\/\/acs.org.br\/academy\/wp-json\/wp\/v2\/types\/post"}],"author":[{"embeddable":true,"href":"https:\/\/acs.org.br\/academy\/wp-json\/wp\/v2\/users\/66"}],"replies":[{"embeddable":true,"href":"https:\/\/acs.org.br\/academy\/wp-json\/wp\/v2\/comments?post=113585"}],"version-history":[{"count":1,"href":"https:\/\/acs.org.br\/academy\/wp-json\/wp\/v2\/posts\/113585\/revisions"}],"predecessor-version":[{"id":113593,"href":"https:\/\/acs.org.br\/academy\/wp-json\/wp\/v2\/posts\/113585\/revisions\/113593"}],"wp:attachment":[{"href":"https:\/\/acs.org.br\/academy\/wp-json\/wp\/v2\/media?parent=113585"}],"wp:term":[{"taxonomy":"category","embeddable":true,"href":"https:\/\/acs.org.br\/academy\/wp-json\/wp\/v2\/categories?post=113585"},{"taxonomy":"post_tag","embeddable":true,"href":"https:\/\/acs.org.br\/academy\/wp-json\/wp\/v2\/tags?post=113585"}],"curies":[{"name":"wp","href":"https:\/\/api.w.org\/{rel}","templated":true}]}}