{"id":113584,"date":"2023-01-19T13:53:22","date_gmt":"2023-01-19T16:53:22","guid":{"rendered":"https:\/\/acs.org.br\/antigo\/?p=113584"},"modified":"2023-01-19T13:53:22","modified_gmt":"2023-01-19T16:53:22","slug":"economia-lula-condiciona-isencao-do-ir-ate-r5-mil-a-reforma-tributaria","status":"publish","type":"post","link":"https:\/\/acs.org.br\/academy\/economia-lula-condiciona-isencao-do-ir-ate-r5-mil-a-reforma-tributaria\/","title":{"rendered":"ECONOMIA: Lula condiciona isen\u00e7\u00e3o do IR at\u00e9 R$5 mil \u00e0 reforma tribut\u00e1ria"},"content":{"rendered":"<p>Fonte: A Tribuna \u00a0<\/p>\n<p>Cobrado a cumprir a promessa de campanha, o presidente Luiz In\u00e1cio Lula da Silva afirmou ontem que vai isentar a cobran\u00e7a do Imposto de Renda para quem ganha at\u00e9 R$5 mil, mas atrelou a medida \u00e0 aprova\u00e7\u00e3o da reforma tribut\u00e1ria.<\/p>\n<p><a href=\"https:\/\/acs.org.br\/antigo\/wp-content\/uploads\/2023\/01\/ir-insencao.pdf\">LEIA MAIS&#8230;<\/a><\/p>\n","protected":false},"excerpt":{"rendered":"<p>Fonte: A Tribuna \u00a0 Cobrado a cumprir a promessa de campanha, o presidente Luiz In\u00e1cio Lula da Silva afirmou ontem que vai isentar a cobran\u00e7a do Imposto de Renda para quem ganha at\u00e9 R$5 mil, mas atrelou a medida \u00e0 aprova\u00e7\u00e3o da reforma tribut\u00e1ria. LEIA MAIS&#8230;<\/p>\n","protected":false},"author":66,"featured_media":0,"comment_status":"open","ping_status":"open","sticky":false,"template":"","format":"standard","meta":{"footnotes":""},"categories":[105],"tags":[],"_links":{"self":[{"href":"https:\/\/acs.org.br\/academy\/wp-json\/wp\/v2\/posts\/113584"}],"collection":[{"href":"https:\/\/acs.org.br\/academy\/wp-json\/wp\/v2\/posts"}],"about":[{"href":"https:\/\/acs.org.br\/academy\/wp-json\/wp\/v2\/types\/post"}],"author":[{"embeddable":true,"href":"https:\/\/acs.org.br\/academy\/wp-json\/wp\/v2\/users\/66"}],"replies":[{"embeddable":true,"href":"https:\/\/acs.org.br\/academy\/wp-json\/wp\/v2\/comments?post=113584"}],"version-history":[{"count":1,"href":"https:\/\/acs.org.br\/academy\/wp-json\/wp\/v2\/posts\/113584\/revisions"}],"predecessor-version":[{"id":113592,"href":"https:\/\/acs.org.br\/academy\/wp-json\/wp\/v2\/posts\/113584\/revisions\/113592"}],"wp:attachment":[{"href":"https:\/\/acs.org.br\/academy\/wp-json\/wp\/v2\/media?parent=113584"}],"wp:term":[{"taxonomy":"category","embeddable":true,"href":"https:\/\/acs.org.br\/academy\/wp-json\/wp\/v2\/categories?post=113584"},{"taxonomy":"post_tag","embeddable":true,"href":"https:\/\/acs.org.br\/academy\/wp-json\/wp\/v2\/tags?post=113584"}],"curies":[{"name":"wp","href":"https:\/\/api.w.org\/{rel}","templated":true}]}}