{"id":113583,"date":"2023-01-19T13:52:40","date_gmt":"2023-01-19T16:52:40","guid":{"rendered":"https:\/\/acs.org.br\/antigo\/?p=113583"},"modified":"2023-01-19T13:52:40","modified_gmt":"2023-01-19T16:52:40","slug":"porto-roberto-gusmao-e-nomeado-secretario-executivo-de-portos-e-aeroportos","status":"publish","type":"post","link":"https:\/\/acs.org.br\/academy\/porto-roberto-gusmao-e-nomeado-secretario-executivo-de-portos-e-aeroportos\/","title":{"rendered":"PORTO: Roberto Gusm\u00e3o \u00e9 nomeado secret\u00e1rio- executivo de Portos e Aeroportos"},"content":{"rendered":"<p>Fonte: Santaportal<\/p>\n<p>O engenheiro Roberto Duarte Gusm\u00e3o foi nomeado secret\u00e1rio-executivo do Minist\u00e9rio de Portos e Aeroportos nesta ter\u00e7a-feira (17), como consta em decreto divulgado no Di\u00e1rio Oficial da Uni\u00e3o. A pasta \u00e9 ministrada por M\u00e1rcio Fran\u00e7a (PSB), que na \u00faltima semana j\u00e1 havia revelado Gusm\u00e3o como sua escolha para o cargo de segundo escal\u00e3o.<\/p>\n<p><a href=\"https:\/\/santaportal.com.br\/geral\/roberto-gusmao-secretario-executivo-ministerio-portos\/\">LEIA MAIS&#8230;<\/a><\/p>\n","protected":false},"excerpt":{"rendered":"<p>Fonte: Santaportal O engenheiro Roberto Duarte Gusm\u00e3o foi nomeado secret\u00e1rio-executivo do Minist\u00e9rio de Portos e Aeroportos nesta ter\u00e7a-feira (17), como consta em decreto divulgado no Di\u00e1rio Oficial da Uni\u00e3o. A pasta \u00e9 ministrada por M\u00e1rcio Fran\u00e7a (PSB), que na \u00faltima semana j\u00e1 havia revelado Gusm\u00e3o como sua escolha para o cargo de segundo escal\u00e3o. LEIA [&hellip;]<\/p>\n","protected":false},"author":66,"featured_media":0,"comment_status":"open","ping_status":"open","sticky":false,"template":"","format":"standard","meta":{"footnotes":""},"categories":[105],"tags":[],"_links":{"self":[{"href":"https:\/\/acs.org.br\/academy\/wp-json\/wp\/v2\/posts\/113583"}],"collection":[{"href":"https:\/\/acs.org.br\/academy\/wp-json\/wp\/v2\/posts"}],"about":[{"href":"https:\/\/acs.org.br\/academy\/wp-json\/wp\/v2\/types\/post"}],"author":[{"embeddable":true,"href":"https:\/\/acs.org.br\/academy\/wp-json\/wp\/v2\/users\/66"}],"replies":[{"embeddable":true,"href":"https:\/\/acs.org.br\/academy\/wp-json\/wp\/v2\/comments?post=113583"}],"version-history":[{"count":1,"href":"https:\/\/acs.org.br\/academy\/wp-json\/wp\/v2\/posts\/113583\/revisions"}],"predecessor-version":[{"id":113590,"href":"https:\/\/acs.org.br\/academy\/wp-json\/wp\/v2\/posts\/113583\/revisions\/113590"}],"wp:attachment":[{"href":"https:\/\/acs.org.br\/academy\/wp-json\/wp\/v2\/media?parent=113583"}],"wp:term":[{"taxonomy":"category","embeddable":true,"href":"https:\/\/acs.org.br\/academy\/wp-json\/wp\/v2\/categories?post=113583"},{"taxonomy":"post_tag","embeddable":true,"href":"https:\/\/acs.org.br\/academy\/wp-json\/wp\/v2\/tags?post=113583"}],"curies":[{"name":"wp","href":"https:\/\/api.w.org\/{rel}","templated":true}]}}