{"id":113582,"date":"2023-01-19T13:52:15","date_gmt":"2023-01-19T16:52:15","guid":{"rendered":"https:\/\/acs.org.br\/antigo\/?p=113582"},"modified":"2023-01-19T13:52:15","modified_gmt":"2023-01-19T16:52:15","slug":"porto-ministro-de-portos-anuncia-planos-para-o-setor-em-reuniao-do-brasil-export","status":"publish","type":"post","link":"https:\/\/acs.org.br\/academy\/porto-ministro-de-portos-anuncia-planos-para-o-setor-em-reuniao-do-brasil-export\/","title":{"rendered":"PORTO: Ministro de Portos anuncia planos para o setor em reuni\u00e3o do Brasil Export"},"content":{"rendered":"<p>Fonte: BE News<\/p>\n<p>O ministro de Portos e Aeroportos, M\u00e1rcio Fran\u00e7a (PSB), destacou a redu\u00e7\u00e3o da burocracia e o fortalecimento da seguran\u00e7a jur\u00eddica como suas prioridades na pasta. Com isso, quer atrair investimentos e agilizar a implanta\u00e7\u00e3o de empreendimentos. Tamb\u00e9m planeja criar uma secretaria espec\u00edfica para o setor hidrovi\u00e1rio, a fim de impulsionar o transporte fluvial. Para ele, o poder p\u00fablico precisa ser eficiente. \u201cTemos de dar respostas r\u00e1pidas \u00e0 sociedade\u201d, afirmou.<\/p>\n<p><a href=\"https:\/\/portalbenews.com.br\/editoria\/nacional\/ministro-de-portos-anuncia-planos-para-o-setor-em-reuniao-do-brasil-export\/\">LEIA MAIS&#8230;<\/a><\/p>\n","protected":false},"excerpt":{"rendered":"<p>Fonte: BE News O ministro de Portos e Aeroportos, M\u00e1rcio Fran\u00e7a (PSB), destacou a redu\u00e7\u00e3o da burocracia e o fortalecimento da seguran\u00e7a jur\u00eddica como suas prioridades na pasta. Com isso, quer atrair investimentos e agilizar a implanta\u00e7\u00e3o de empreendimentos. Tamb\u00e9m planeja criar uma secretaria espec\u00edfica para o setor hidrovi\u00e1rio, a fim de impulsionar o transporte [&hellip;]<\/p>\n","protected":false},"author":66,"featured_media":0,"comment_status":"open","ping_status":"open","sticky":false,"template":"","format":"standard","meta":{"footnotes":""},"categories":[105],"tags":[],"_links":{"self":[{"href":"https:\/\/acs.org.br\/academy\/wp-json\/wp\/v2\/posts\/113582"}],"collection":[{"href":"https:\/\/acs.org.br\/academy\/wp-json\/wp\/v2\/posts"}],"about":[{"href":"https:\/\/acs.org.br\/academy\/wp-json\/wp\/v2\/types\/post"}],"author":[{"embeddable":true,"href":"https:\/\/acs.org.br\/academy\/wp-json\/wp\/v2\/users\/66"}],"replies":[{"embeddable":true,"href":"https:\/\/acs.org.br\/academy\/wp-json\/wp\/v2\/comments?post=113582"}],"version-history":[{"count":1,"href":"https:\/\/acs.org.br\/academy\/wp-json\/wp\/v2\/posts\/113582\/revisions"}],"predecessor-version":[{"id":113589,"href":"https:\/\/acs.org.br\/academy\/wp-json\/wp\/v2\/posts\/113582\/revisions\/113589"}],"wp:attachment":[{"href":"https:\/\/acs.org.br\/academy\/wp-json\/wp\/v2\/media?parent=113582"}],"wp:term":[{"taxonomy":"category","embeddable":true,"href":"https:\/\/acs.org.br\/academy\/wp-json\/wp\/v2\/categories?post=113582"},{"taxonomy":"post_tag","embeddable":true,"href":"https:\/\/acs.org.br\/academy\/wp-json\/wp\/v2\/tags?post=113582"}],"curies":[{"name":"wp","href":"https:\/\/api.w.org\/{rel}","templated":true}]}}