{"id":113574,"date":"2023-01-18T12:59:19","date_gmt":"2023-01-18T15:59:19","guid":{"rendered":"https:\/\/acs.org.br\/antigo\/?p=113574"},"modified":"2023-01-18T12:59:19","modified_gmt":"2023-01-18T15:59:19","slug":"atualidades-santos-conclui-reforma-administrativa-afirma-prefeito-2","status":"publish","type":"post","link":"https:\/\/acs.org.br\/academy\/atualidades-santos-conclui-reforma-administrativa-afirma-prefeito-2\/","title":{"rendered":"ATUALIDADES: Santos conclui reforma administrativa, afirma prefeito"},"content":{"rendered":"<p>Fonte: A Tribuna<\/p>\n<p>A Prefeitura de Santos mais um passo em seu processo de reforma administrativa. Ap\u00f3s mudan\u00e7as de nomes de secretarias e coordenadorias, foi anunciada, na segunda-feira, a cria\u00e7\u00e3o da Secretaria das Prefeituras Regionais, antes denominada de Gest\u00e3o. Ela ser\u00e1 comandada por Thiago Marinha Fernandes Leal, que foi secret\u00e1rio adjunto da pasta de Servi\u00e7os P\u00fablicos.<\/p>\n<p><a href=\"https:\/\/acs.org.br\/antigo\/wp-content\/uploads\/2023\/01\/SANTOS-REFORMA-1.pdf\">LEIA MAIS&#8230;<\/a><\/p>\n","protected":false},"excerpt":{"rendered":"<p>Fonte: A Tribuna A Prefeitura de Santos mais um passo em seu processo de reforma administrativa. Ap\u00f3s mudan\u00e7as de nomes de secretarias e coordenadorias, foi anunciada, na segunda-feira, a cria\u00e7\u00e3o da Secretaria das Prefeituras Regionais, antes denominada de Gest\u00e3o. Ela ser\u00e1 comandada por Thiago Marinha Fernandes Leal, que foi secret\u00e1rio adjunto da pasta de Servi\u00e7os [&hellip;]<\/p>\n","protected":false},"author":66,"featured_media":0,"comment_status":"open","ping_status":"open","sticky":false,"template":"","format":"standard","meta":{"footnotes":""},"categories":[105],"tags":[],"_links":{"self":[{"href":"https:\/\/acs.org.br\/academy\/wp-json\/wp\/v2\/posts\/113574"}],"collection":[{"href":"https:\/\/acs.org.br\/academy\/wp-json\/wp\/v2\/posts"}],"about":[{"href":"https:\/\/acs.org.br\/academy\/wp-json\/wp\/v2\/types\/post"}],"author":[{"embeddable":true,"href":"https:\/\/acs.org.br\/academy\/wp-json\/wp\/v2\/users\/66"}],"replies":[{"embeddable":true,"href":"https:\/\/acs.org.br\/academy\/wp-json\/wp\/v2\/comments?post=113574"}],"version-history":[{"count":1,"href":"https:\/\/acs.org.br\/academy\/wp-json\/wp\/v2\/posts\/113574\/revisions"}],"predecessor-version":[{"id":113576,"href":"https:\/\/acs.org.br\/academy\/wp-json\/wp\/v2\/posts\/113574\/revisions\/113576"}],"wp:attachment":[{"href":"https:\/\/acs.org.br\/academy\/wp-json\/wp\/v2\/media?parent=113574"}],"wp:term":[{"taxonomy":"category","embeddable":true,"href":"https:\/\/acs.org.br\/academy\/wp-json\/wp\/v2\/categories?post=113574"},{"taxonomy":"post_tag","embeddable":true,"href":"https:\/\/acs.org.br\/academy\/wp-json\/wp\/v2\/tags?post=113574"}],"curies":[{"name":"wp","href":"https:\/\/api.w.org\/{rel}","templated":true}]}}