{"id":113563,"date":"2023-01-18T12:50:09","date_gmt":"2023-01-18T15:50:09","guid":{"rendered":"https:\/\/acs.org.br\/antigo\/?p=113563"},"modified":"2023-01-18T12:50:09","modified_gmt":"2023-01-18T15:50:09","slug":"mundo-crescimento-global-deve-comecar-a-se-recuperar-este-ano-diz-fmi","status":"publish","type":"post","link":"https:\/\/acs.org.br\/academy\/mundo-crescimento-global-deve-comecar-a-se-recuperar-este-ano-diz-fmi\/","title":{"rendered":"MUNDO: Crescimento global deve come\u00e7ar a se recuperar este ano, diz FMI"},"content":{"rendered":"<p>Fonte: Ag\u00eancia Brasil<\/p>\n<p>A diretora-gerente do Fundo Monet\u00e1rio Internacional, Kristalina Georgieva, disse nesta ter\u00e7a-feira (17) que o crescimento econ\u00f4mico global deve come\u00e7ar a se recuperar em 2023 ap\u00f3s tocar o fundo, apesar da cont\u00ednua guerra na Ucr\u00e2nia e do aumento das taxas de juros.<\/p>\n<p><a href=\"https:\/\/agenciabrasil.ebc.com.br\/internacional\/noticia\/2023-01\/crescimento-global-deve-comecar-se-recuperar-este-ano-diz-fmi\">LEIA MAIS&#8230;<\/a><\/p>\n","protected":false},"excerpt":{"rendered":"<p>Fonte: Ag\u00eancia Brasil A diretora-gerente do Fundo Monet\u00e1rio Internacional, Kristalina Georgieva, disse nesta ter\u00e7a-feira (17) que o crescimento econ\u00f4mico global deve come\u00e7ar a se recuperar em 2023 ap\u00f3s tocar o fundo, apesar da cont\u00ednua guerra na Ucr\u00e2nia e do aumento das taxas de juros. LEIA MAIS&#8230;<\/p>\n","protected":false},"author":66,"featured_media":0,"comment_status":"open","ping_status":"open","sticky":false,"template":"","format":"standard","meta":{"footnotes":""},"categories":[105],"tags":[],"_links":{"self":[{"href":"https:\/\/acs.org.br\/academy\/wp-json\/wp\/v2\/posts\/113563"}],"collection":[{"href":"https:\/\/acs.org.br\/academy\/wp-json\/wp\/v2\/posts"}],"about":[{"href":"https:\/\/acs.org.br\/academy\/wp-json\/wp\/v2\/types\/post"}],"author":[{"embeddable":true,"href":"https:\/\/acs.org.br\/academy\/wp-json\/wp\/v2\/users\/66"}],"replies":[{"embeddable":true,"href":"https:\/\/acs.org.br\/academy\/wp-json\/wp\/v2\/comments?post=113563"}],"version-history":[{"count":1,"href":"https:\/\/acs.org.br\/academy\/wp-json\/wp\/v2\/posts\/113563\/revisions"}],"predecessor-version":[{"id":113569,"href":"https:\/\/acs.org.br\/academy\/wp-json\/wp\/v2\/posts\/113563\/revisions\/113569"}],"wp:attachment":[{"href":"https:\/\/acs.org.br\/academy\/wp-json\/wp\/v2\/media?parent=113563"}],"wp:term":[{"taxonomy":"category","embeddable":true,"href":"https:\/\/acs.org.br\/academy\/wp-json\/wp\/v2\/categories?post=113563"},{"taxonomy":"post_tag","embeddable":true,"href":"https:\/\/acs.org.br\/academy\/wp-json\/wp\/v2\/tags?post=113563"}],"curies":[{"name":"wp","href":"https:\/\/api.w.org\/{rel}","templated":true}]}}