{"id":113555,"date":"2023-01-18T12:46:32","date_gmt":"2023-01-18T15:46:32","guid":{"rendered":"https:\/\/acs.org.br\/antigo\/?p=113555"},"modified":"2023-01-18T12:46:32","modified_gmt":"2023-01-18T15:46:32","slug":"economia-brasil-reavalia-termos-de-adesao-a-ocde-diz-haddad","status":"publish","type":"post","link":"https:\/\/acs.org.br\/academy\/economia-brasil-reavalia-termos-de-adesao-a-ocde-diz-haddad\/","title":{"rendered":"ECONOMIA: Brasil reavalia termos de ades\u00e3o \u00e0 OCDE, diz Haddad"},"content":{"rendered":"<p>Fonte: Santaportal<\/p>\n<p>O Brasil vai retomar as conversas para integrar a OCDE (grupo que re\u00fane alguns dos pa\u00edses mais desenvolvidos do mundo), mas pode apresentar condi\u00e7\u00f5es para prosseguir no processo de ades\u00e3o ao clube que re\u00fane os pa\u00edses democr\u00e1ticos mais ricos do mundo, afirmou nesta quarta (18) o ministro da Fazenda, Fernando Haddad, a jornalistas no encontro do For\u00fam Econ\u00f4mico Mundial em Davos. \u00a0<\/p>\n<p><a href=\"https:\/\/santaportal.com.br\/geral\/brasil-reavalia-termos-de-adesao-a-ocde-diz-haddad\/\">LEIA MAIS&#8230;<\/a><\/p>\n","protected":false},"excerpt":{"rendered":"<p>Fonte: Santaportal O Brasil vai retomar as conversas para integrar a OCDE (grupo que re\u00fane alguns dos pa\u00edses mais desenvolvidos do mundo), mas pode apresentar condi\u00e7\u00f5es para prosseguir no processo de ades\u00e3o ao clube que re\u00fane os pa\u00edses democr\u00e1ticos mais ricos do mundo, afirmou nesta quarta (18) o ministro da Fazenda, Fernando Haddad, a jornalistas [&hellip;]<\/p>\n","protected":false},"author":66,"featured_media":0,"comment_status":"open","ping_status":"open","sticky":false,"template":"","format":"standard","meta":{"footnotes":""},"categories":[105],"tags":[],"_links":{"self":[{"href":"https:\/\/acs.org.br\/academy\/wp-json\/wp\/v2\/posts\/113555"}],"collection":[{"href":"https:\/\/acs.org.br\/academy\/wp-json\/wp\/v2\/posts"}],"about":[{"href":"https:\/\/acs.org.br\/academy\/wp-json\/wp\/v2\/types\/post"}],"author":[{"embeddable":true,"href":"https:\/\/acs.org.br\/academy\/wp-json\/wp\/v2\/users\/66"}],"replies":[{"embeddable":true,"href":"https:\/\/acs.org.br\/academy\/wp-json\/wp\/v2\/comments?post=113555"}],"version-history":[{"count":1,"href":"https:\/\/acs.org.br\/academy\/wp-json\/wp\/v2\/posts\/113555\/revisions"}],"predecessor-version":[{"id":113560,"href":"https:\/\/acs.org.br\/academy\/wp-json\/wp\/v2\/posts\/113555\/revisions\/113560"}],"wp:attachment":[{"href":"https:\/\/acs.org.br\/academy\/wp-json\/wp\/v2\/media?parent=113555"}],"wp:term":[{"taxonomy":"category","embeddable":true,"href":"https:\/\/acs.org.br\/academy\/wp-json\/wp\/v2\/categories?post=113555"},{"taxonomy":"post_tag","embeddable":true,"href":"https:\/\/acs.org.br\/academy\/wp-json\/wp\/v2\/tags?post=113555"}],"curies":[{"name":"wp","href":"https:\/\/api.w.org\/{rel}","templated":true}]}}