{"id":113541,"date":"2023-01-17T12:19:34","date_gmt":"2023-01-17T15:19:34","guid":{"rendered":"https:\/\/acs.org.br\/antigo\/?p=113541"},"modified":"2023-01-17T12:19:34","modified_gmt":"2023-01-17T15:19:34","slug":"comercio-exterior-balanca-comercial-acumula-superavit-de-us-17-bilhao-em-janeiro","status":"publish","type":"post","link":"https:\/\/acs.org.br\/academy\/comercio-exterior-balanca-comercial-acumula-superavit-de-us-17-bilhao-em-janeiro\/","title":{"rendered":"COM\u00c9RCIO EXTERIOR: Balan\u00e7a comercial acumula super\u00e1vit de US$ 1,7 bilh\u00e3o em janeiro"},"content":{"rendered":"<p>Fonte: Ag\u00eancia Porto \u00a0\u00a0<\/p>\n<p>A balan\u00e7a comercial brasileira acumula super\u00e1vit de US$ 1,7 bilh\u00e3o em janeiro, considerando resultados at\u00e9 a segunda semana do m\u00eas. A corrente de com\u00e9rcio (soma de exporta\u00e7\u00f5es e importa\u00e7\u00f5es) aumentou 7,6%, pelo crit\u00e9rio de m\u00e9dia di\u00e1ria, em rela\u00e7\u00e3o a janeiro de 2022, alcan\u00e7ando US$ 20,2 bilh\u00f5es. Os dados parciais da balan\u00e7a comercial de janeiro, at\u00e9 a segunda semana, foram divulgados nesta segunda-feira (16\/1) pela Secretaria de Com\u00e9rcio Exterior (Secex) do Minist\u00e9rio do Desenvolvimento, Ind\u00fastria, Com\u00e9rcio e Servi\u00e7os (MDIC).<\/p>\n<p><a href=\"https:\/\/agenciaporto.com\/noticias\/balanca-comercial-acumula-superavit-de-us-17-bilhao-em-janeiro\">LEIA MAIS&#8230;<\/a><\/p>\n","protected":false},"excerpt":{"rendered":"<p>Fonte: Ag\u00eancia Porto \u00a0\u00a0 A balan\u00e7a comercial brasileira acumula super\u00e1vit de US$ 1,7 bilh\u00e3o em janeiro, considerando resultados at\u00e9 a segunda semana do m\u00eas. A corrente de com\u00e9rcio (soma de exporta\u00e7\u00f5es e importa\u00e7\u00f5es) aumentou 7,6%, pelo crit\u00e9rio de m\u00e9dia di\u00e1ria, em rela\u00e7\u00e3o a janeiro de 2022, alcan\u00e7ando US$ 20,2 bilh\u00f5es. Os dados parciais da balan\u00e7a [&hellip;]<\/p>\n","protected":false},"author":66,"featured_media":0,"comment_status":"open","ping_status":"open","sticky":false,"template":"","format":"standard","meta":{"footnotes":""},"categories":[105],"tags":[],"_links":{"self":[{"href":"https:\/\/acs.org.br\/academy\/wp-json\/wp\/v2\/posts\/113541"}],"collection":[{"href":"https:\/\/acs.org.br\/academy\/wp-json\/wp\/v2\/posts"}],"about":[{"href":"https:\/\/acs.org.br\/academy\/wp-json\/wp\/v2\/types\/post"}],"author":[{"embeddable":true,"href":"https:\/\/acs.org.br\/academy\/wp-json\/wp\/v2\/users\/66"}],"replies":[{"embeddable":true,"href":"https:\/\/acs.org.br\/academy\/wp-json\/wp\/v2\/comments?post=113541"}],"version-history":[{"count":1,"href":"https:\/\/acs.org.br\/academy\/wp-json\/wp\/v2\/posts\/113541\/revisions"}],"predecessor-version":[{"id":113546,"href":"https:\/\/acs.org.br\/academy\/wp-json\/wp\/v2\/posts\/113541\/revisions\/113546"}],"wp:attachment":[{"href":"https:\/\/acs.org.br\/academy\/wp-json\/wp\/v2\/media?parent=113541"}],"wp:term":[{"taxonomy":"category","embeddable":true,"href":"https:\/\/acs.org.br\/academy\/wp-json\/wp\/v2\/categories?post=113541"},{"taxonomy":"post_tag","embeddable":true,"href":"https:\/\/acs.org.br\/academy\/wp-json\/wp\/v2\/tags?post=113541"}],"curies":[{"name":"wp","href":"https:\/\/api.w.org\/{rel}","templated":true}]}}