{"id":113540,"date":"2023-01-17T12:19:08","date_gmt":"2023-01-17T15:19:08","guid":{"rendered":"https:\/\/acs.org.br\/antigo\/?p=113540"},"modified":"2023-01-17T12:19:08","modified_gmt":"2023-01-17T15:19:08","slug":"transporte-ministro-dos-transportes-apresenta-hoje-o-plano-de-100-dias","status":"publish","type":"post","link":"https:\/\/acs.org.br\/academy\/transporte-ministro-dos-transportes-apresenta-hoje-o-plano-de-100-dias\/","title":{"rendered":"TRANSPORTE: Ministro dos Transportes apresenta hoje o Plano de 100 Dias"},"content":{"rendered":"<p>Fonte: BE News<\/p>\n<p>O Minist\u00e9rio dos Transportes vai apresentar hoje (17), em Bras\u00edlia (DF), o Plano de 100 Dias, como vem sendo chamado o conjunto de a\u00e7\u00f5es priorit\u00e1rias do Governo Federal para os modos rodovi\u00e1rios e ferrovi\u00e1rio.<\/p>\n<p><a href=\"https:\/\/acs.org.br\/antigo\/wp-content\/uploads\/2023\/01\/ministro-dos-transportes.pdf\">LEIA MAIS&#8230;<\/a><\/p>\n","protected":false},"excerpt":{"rendered":"<p>Fonte: BE News O Minist\u00e9rio dos Transportes vai apresentar hoje (17), em Bras\u00edlia (DF), o Plano de 100 Dias, como vem sendo chamado o conjunto de a\u00e7\u00f5es priorit\u00e1rias do Governo Federal para os modos rodovi\u00e1rios e ferrovi\u00e1rio. LEIA MAIS&#8230;<\/p>\n","protected":false},"author":66,"featured_media":0,"comment_status":"open","ping_status":"open","sticky":false,"template":"","format":"standard","meta":{"footnotes":""},"categories":[105],"tags":[],"_links":{"self":[{"href":"https:\/\/acs.org.br\/academy\/wp-json\/wp\/v2\/posts\/113540"}],"collection":[{"href":"https:\/\/acs.org.br\/academy\/wp-json\/wp\/v2\/posts"}],"about":[{"href":"https:\/\/acs.org.br\/academy\/wp-json\/wp\/v2\/types\/post"}],"author":[{"embeddable":true,"href":"https:\/\/acs.org.br\/academy\/wp-json\/wp\/v2\/users\/66"}],"replies":[{"embeddable":true,"href":"https:\/\/acs.org.br\/academy\/wp-json\/wp\/v2\/comments?post=113540"}],"version-history":[{"count":1,"href":"https:\/\/acs.org.br\/academy\/wp-json\/wp\/v2\/posts\/113540\/revisions"}],"predecessor-version":[{"id":113545,"href":"https:\/\/acs.org.br\/academy\/wp-json\/wp\/v2\/posts\/113540\/revisions\/113545"}],"wp:attachment":[{"href":"https:\/\/acs.org.br\/academy\/wp-json\/wp\/v2\/media?parent=113540"}],"wp:term":[{"taxonomy":"category","embeddable":true,"href":"https:\/\/acs.org.br\/academy\/wp-json\/wp\/v2\/categories?post=113540"},{"taxonomy":"post_tag","embeddable":true,"href":"https:\/\/acs.org.br\/academy\/wp-json\/wp\/v2\/tags?post=113540"}],"curies":[{"name":"wp","href":"https:\/\/api.w.org\/{rel}","templated":true}]}}