{"id":113535,"date":"2023-01-17T12:18:25","date_gmt":"2023-01-17T15:18:25","guid":{"rendered":"https:\/\/acs.org.br\/antigo\/?p=113535"},"modified":"2023-01-17T12:18:25","modified_gmt":"2023-01-17T15:18:25","slug":"economia-tarcisio-diz-esperar-que-sabesp-esteja-privatizada-ate-o-fim-de-2024","status":"publish","type":"post","link":"https:\/\/acs.org.br\/academy\/economia-tarcisio-diz-esperar-que-sabesp-esteja-privatizada-ate-o-fim-de-2024\/","title":{"rendered":"ECONOMIA: Tarc\u00edsio diz esperar que Sabesp esteja privatizada at\u00e9 o fim de 2024"},"content":{"rendered":"<p>Fonte: Santaportal \u00a0\u00a0<\/p>\n<p>O governador de S\u00e3o Paulo, Tarc\u00edsio de Freitas (Republicanos), afirmou que considera vi\u00e1vel vender a Sabesp at\u00e9 o final de 2024. E o modelo, a seu ver, deve ser parecido com o da Eletrobas, mais pulverizado, em detrimento do usado pelo governo do Rio de Janeiro para privatizar a Cedae.<\/p>\n<p><a href=\"https:\/\/santaportal.com.br\/geral\/tarcisio-diz-esperar-que-sabesp-esteja-privatizada-ate-o-fim-de-2024\/\">LEIA MAIS&#8230;<\/a><\/p>\n","protected":false},"excerpt":{"rendered":"<p>Fonte: Santaportal \u00a0\u00a0 O governador de S\u00e3o Paulo, Tarc\u00edsio de Freitas (Republicanos), afirmou que considera vi\u00e1vel vender a Sabesp at\u00e9 o final de 2024. E o modelo, a seu ver, deve ser parecido com o da Eletrobas, mais pulverizado, em detrimento do usado pelo governo do Rio de Janeiro para privatizar a Cedae. LEIA MAIS&#8230;<\/p>\n","protected":false},"author":66,"featured_media":0,"comment_status":"open","ping_status":"open","sticky":false,"template":"","format":"standard","meta":{"footnotes":""},"categories":[105],"tags":[],"_links":{"self":[{"href":"https:\/\/acs.org.br\/academy\/wp-json\/wp\/v2\/posts\/113535"}],"collection":[{"href":"https:\/\/acs.org.br\/academy\/wp-json\/wp\/v2\/posts"}],"about":[{"href":"https:\/\/acs.org.br\/academy\/wp-json\/wp\/v2\/types\/post"}],"author":[{"embeddable":true,"href":"https:\/\/acs.org.br\/academy\/wp-json\/wp\/v2\/users\/66"}],"replies":[{"embeddable":true,"href":"https:\/\/acs.org.br\/academy\/wp-json\/wp\/v2\/comments?post=113535"}],"version-history":[{"count":1,"href":"https:\/\/acs.org.br\/academy\/wp-json\/wp\/v2\/posts\/113535\/revisions"}],"predecessor-version":[{"id":113542,"href":"https:\/\/acs.org.br\/academy\/wp-json\/wp\/v2\/posts\/113535\/revisions\/113542"}],"wp:attachment":[{"href":"https:\/\/acs.org.br\/academy\/wp-json\/wp\/v2\/media?parent=113535"}],"wp:term":[{"taxonomy":"category","embeddable":true,"href":"https:\/\/acs.org.br\/academy\/wp-json\/wp\/v2\/categories?post=113535"},{"taxonomy":"post_tag","embeddable":true,"href":"https:\/\/acs.org.br\/academy\/wp-json\/wp\/v2\/tags?post=113535"}],"curies":[{"name":"wp","href":"https:\/\/api.w.org\/{rel}","templated":true}]}}