{"id":113533,"date":"2023-01-17T12:11:50","date_gmt":"2023-01-17T15:11:50","guid":{"rendered":"https:\/\/acs.org.br\/antigo\/?p=113533"},"modified":"2023-01-17T12:11:50","modified_gmt":"2023-01-17T15:11:50","slug":"porto-marcio-franca-garante-tunel-na-regiao","status":"publish","type":"post","link":"https:\/\/acs.org.br\/academy\/porto-marcio-franca-garante-tunel-na-regiao\/","title":{"rendered":"PORTO: M\u00e1rcio Fran\u00e7a garante t\u00fanel na regi\u00e3o"},"content":{"rendered":"<p>Fonte: A Tribuna \u00a0\u00a0\u00a0\u00a0\u00a0\u00a0<\/p>\n<p>A constru\u00e7\u00e3o do t\u00fanel Santos- Guaruj\u00e1 \u00e9 prioridade para o ministro de Portos e Aeroportos, M\u00e1rcio Fran\u00e7a. Em visita a Santos, ontem, onde participou da inaugura\u00e7\u00e3o de uma passarela de pedestres para a travessia Santos-Vicente de Carvalho, ele declarou que a proposta de liga\u00e7\u00e3o submersa entre duas cidades j\u00e1 tem projeto pronto, solu\u00e7\u00e3o r\u00e1pida e ser\u00e1 custeada com recursos federais.<\/p>\n<p><a href=\"https:\/\/acs.org.br\/antigo\/wp-content\/uploads\/2023\/01\/tunel-na-regiao.pdf\">LEIA MAIS&#8230;<\/a><\/p>\n","protected":false},"excerpt":{"rendered":"<p>Fonte: A Tribuna \u00a0\u00a0\u00a0\u00a0\u00a0\u00a0 A constru\u00e7\u00e3o do t\u00fanel Santos- Guaruj\u00e1 \u00e9 prioridade para o ministro de Portos e Aeroportos, M\u00e1rcio Fran\u00e7a. Em visita a Santos, ontem, onde participou da inaugura\u00e7\u00e3o de uma passarela de pedestres para a travessia Santos-Vicente de Carvalho, ele declarou que a proposta de liga\u00e7\u00e3o submersa entre duas cidades j\u00e1 tem projeto [&hellip;]<\/p>\n","protected":false},"author":66,"featured_media":0,"comment_status":"open","ping_status":"open","sticky":false,"template":"","format":"standard","meta":{"footnotes":""},"categories":[105],"tags":[],"_links":{"self":[{"href":"https:\/\/acs.org.br\/academy\/wp-json\/wp\/v2\/posts\/113533"}],"collection":[{"href":"https:\/\/acs.org.br\/academy\/wp-json\/wp\/v2\/posts"}],"about":[{"href":"https:\/\/acs.org.br\/academy\/wp-json\/wp\/v2\/types\/post"}],"author":[{"embeddable":true,"href":"https:\/\/acs.org.br\/academy\/wp-json\/wp\/v2\/users\/66"}],"replies":[{"embeddable":true,"href":"https:\/\/acs.org.br\/academy\/wp-json\/wp\/v2\/comments?post=113533"}],"version-history":[{"count":1,"href":"https:\/\/acs.org.br\/academy\/wp-json\/wp\/v2\/posts\/113533\/revisions"}],"predecessor-version":[{"id":113537,"href":"https:\/\/acs.org.br\/academy\/wp-json\/wp\/v2\/posts\/113533\/revisions\/113537"}],"wp:attachment":[{"href":"https:\/\/acs.org.br\/academy\/wp-json\/wp\/v2\/media?parent=113533"}],"wp:term":[{"taxonomy":"category","embeddable":true,"href":"https:\/\/acs.org.br\/academy\/wp-json\/wp\/v2\/categories?post=113533"},{"taxonomy":"post_tag","embeddable":true,"href":"https:\/\/acs.org.br\/academy\/wp-json\/wp\/v2\/tags?post=113533"}],"curies":[{"name":"wp","href":"https:\/\/api.w.org\/{rel}","templated":true}]}}