{"id":113532,"date":"2023-01-17T12:12:29","date_gmt":"2023-01-17T15:12:29","guid":{"rendered":"https:\/\/acs.org.br\/antigo\/?p=113532"},"modified":"2023-01-17T12:12:29","modified_gmt":"2023-01-17T15:12:29","slug":"economia-alckmin-diz-que-haddad-teve-sensibilidade-ao-acabar-com-ipi-e-agrada-industriais","status":"publish","type":"post","link":"https:\/\/acs.org.br\/academy\/economia-alckmin-diz-que-haddad-teve-sensibilidade-ao-acabar-com-ipi-e-agrada-industriais\/","title":{"rendered":"ECONOMIA: Alckmin diz que Haddad teve sensibilidade ao acabar com IPI e agrada industriais"},"content":{"rendered":"<p>Fonte: Santaportal<\/p>\n<p>O vice-presidente e ministro da Ind\u00fastria, Geraldo Alckmin, agradou industriais em reuni\u00e3o na Fiesp nesta segunda-feira (16) ao afirmar que o governo pretende acabar com o IPI (Imposto sobre Produtos Industrializados) na reforma tribut\u00e1ria e que se chegou a considerar a revoga\u00e7\u00e3o do corte de 35% do tributo no pacote de medidas da semana passada, mas depois desistiram.<\/p>\n<p><a href=\"https:\/\/santaportal.com.br\/geral\/alckmin-diz-que-haddad-teve-sensibilidade-ao-acabar-com-ipi-e-agrada-industriais\/\">LEIA MAIS&#8230;<\/a><\/p>\n","protected":false},"excerpt":{"rendered":"<p>Fonte: Santaportal O vice-presidente e ministro da Ind\u00fastria, Geraldo Alckmin, agradou industriais em reuni\u00e3o na Fiesp nesta segunda-feira (16) ao afirmar que o governo pretende acabar com o IPI (Imposto sobre Produtos Industrializados) na reforma tribut\u00e1ria e que se chegou a considerar a revoga\u00e7\u00e3o do corte de 35% do tributo no pacote de medidas da [&hellip;]<\/p>\n","protected":false},"author":66,"featured_media":0,"comment_status":"open","ping_status":"open","sticky":false,"template":"","format":"standard","meta":{"footnotes":""},"categories":[105],"tags":[],"_links":{"self":[{"href":"https:\/\/acs.org.br\/academy\/wp-json\/wp\/v2\/posts\/113532"}],"collection":[{"href":"https:\/\/acs.org.br\/academy\/wp-json\/wp\/v2\/posts"}],"about":[{"href":"https:\/\/acs.org.br\/academy\/wp-json\/wp\/v2\/types\/post"}],"author":[{"embeddable":true,"href":"https:\/\/acs.org.br\/academy\/wp-json\/wp\/v2\/users\/66"}],"replies":[{"embeddable":true,"href":"https:\/\/acs.org.br\/academy\/wp-json\/wp\/v2\/comments?post=113532"}],"version-history":[{"count":1,"href":"https:\/\/acs.org.br\/academy\/wp-json\/wp\/v2\/posts\/113532\/revisions"}],"predecessor-version":[{"id":113538,"href":"https:\/\/acs.org.br\/academy\/wp-json\/wp\/v2\/posts\/113532\/revisions\/113538"}],"wp:attachment":[{"href":"https:\/\/acs.org.br\/academy\/wp-json\/wp\/v2\/media?parent=113532"}],"wp:term":[{"taxonomy":"category","embeddable":true,"href":"https:\/\/acs.org.br\/academy\/wp-json\/wp\/v2\/categories?post=113532"},{"taxonomy":"post_tag","embeddable":true,"href":"https:\/\/acs.org.br\/academy\/wp-json\/wp\/v2\/tags?post=113532"}],"curies":[{"name":"wp","href":"https:\/\/api.w.org\/{rel}","templated":true}]}}