{"id":113525,"date":"2023-01-16T10:23:07","date_gmt":"2023-01-16T13:23:07","guid":{"rendered":"https:\/\/acs.org.br\/antigo\/?p=113525"},"modified":"2023-01-16T10:23:07","modified_gmt":"2023-01-16T13:23:07","slug":"mundo-biden-declara-situacao-de-catastrofe-na-california-e-no-alabama","status":"publish","type":"post","link":"https:\/\/acs.org.br\/academy\/mundo-biden-declara-situacao-de-catastrofe-na-california-e-no-alabama\/","title":{"rendered":"MUNDO: Biden declara situa\u00e7\u00e3o de \u201ccat\u00e1strofe\u201d na Calif\u00f3rnia e no Alabama"},"content":{"rendered":"<p>Fonte: Poder 360 \u00a0<\/p>\n<p>O presidente dos Estados Unidos, Joe Biden, declarou, no s\u00e1bado e no domingo (14-15.jan.2023), respectivamente, \u201csitua\u00e7\u00e3o de cat\u00e1strofe\u201d no Alabama e na Calif\u00f3rnia. A medida foi tomada devido \u00e0s fortes chuvas que atingem as regi\u00f5es desde meados de dezembro e j\u00e1 causaram 19 mortes.<\/p>\n<p><a href=\"https:\/\/www.poder360.com.br\/internacional\/biden-declara-situacao-de-catastrofe-na-california-e-no-alabama\/\">LEIA MAIS&#8230;<\/a><\/p>\n","protected":false},"excerpt":{"rendered":"<p>Fonte: Poder 360 \u00a0 O presidente dos Estados Unidos, Joe Biden, declarou, no s\u00e1bado e no domingo (14-15.jan.2023), respectivamente, \u201csitua\u00e7\u00e3o de cat\u00e1strofe\u201d no Alabama e na Calif\u00f3rnia. A medida foi tomada devido \u00e0s fortes chuvas que atingem as regi\u00f5es desde meados de dezembro e j\u00e1 causaram 19 mortes. LEIA MAIS&#8230;<\/p>\n","protected":false},"author":66,"featured_media":0,"comment_status":"open","ping_status":"open","sticky":false,"template":"","format":"standard","meta":{"footnotes":""},"categories":[105],"tags":[],"_links":{"self":[{"href":"https:\/\/acs.org.br\/academy\/wp-json\/wp\/v2\/posts\/113525"}],"collection":[{"href":"https:\/\/acs.org.br\/academy\/wp-json\/wp\/v2\/posts"}],"about":[{"href":"https:\/\/acs.org.br\/academy\/wp-json\/wp\/v2\/types\/post"}],"author":[{"embeddable":true,"href":"https:\/\/acs.org.br\/academy\/wp-json\/wp\/v2\/users\/66"}],"replies":[{"embeddable":true,"href":"https:\/\/acs.org.br\/academy\/wp-json\/wp\/v2\/comments?post=113525"}],"version-history":[{"count":1,"href":"https:\/\/acs.org.br\/academy\/wp-json\/wp\/v2\/posts\/113525\/revisions"}],"predecessor-version":[{"id":113526,"href":"https:\/\/acs.org.br\/academy\/wp-json\/wp\/v2\/posts\/113525\/revisions\/113526"}],"wp:attachment":[{"href":"https:\/\/acs.org.br\/academy\/wp-json\/wp\/v2\/media?parent=113525"}],"wp:term":[{"taxonomy":"category","embeddable":true,"href":"https:\/\/acs.org.br\/academy\/wp-json\/wp\/v2\/categories?post=113525"},{"taxonomy":"post_tag","embeddable":true,"href":"https:\/\/acs.org.br\/academy\/wp-json\/wp\/v2\/tags?post=113525"}],"curies":[{"name":"wp","href":"https:\/\/api.w.org\/{rel}","templated":true}]}}