{"id":113517,"date":"2023-01-16T10:21:22","date_gmt":"2023-01-16T13:21:22","guid":{"rendered":"https:\/\/acs.org.br\/antigo\/?p=113517"},"modified":"2023-01-16T10:21:22","modified_gmt":"2023-01-16T13:21:22","slug":"economia-salario-minimo-de-r-1-320-sera-negociado-com-centrais-sindicais","status":"publish","type":"post","link":"https:\/\/acs.org.br\/academy\/economia-salario-minimo-de-r-1-320-sera-negociado-com-centrais-sindicais\/","title":{"rendered":"ECONOMIA: Sal\u00e1rio m\u00ednimo de R$ 1.320 ser\u00e1 negociado com centrais sindicais"},"content":{"rendered":"<p>Fonte: Ag\u00eancia Brasil \u00a0<\/p>\n<p>O sal\u00e1rio m\u00ednimo de R$ 1.320, que consta no Or\u00e7amento de 2023, ser\u00e1 negociado com as centrais sindicais, disse h\u00e1 pouco o ministro da Fazenda, Fernando Haddad. Ele n\u00e3o garantiu que o novo valor possa entrar em vigor ainda este m\u00eas.<\/p>\n<p><a href=\"https:\/\/agenciabrasil.ebc.com.br\/economia\/noticia\/2023-01\/salario-minimo-de-r-1320-sera-negociado-com-centrais-sindicais\">LEIA MAIS&#8230;<\/a><\/p>\n","protected":false},"excerpt":{"rendered":"<p>Fonte: Ag\u00eancia Brasil \u00a0 O sal\u00e1rio m\u00ednimo de R$ 1.320, que consta no Or\u00e7amento de 2023, ser\u00e1 negociado com as centrais sindicais, disse h\u00e1 pouco o ministro da Fazenda, Fernando Haddad. Ele n\u00e3o garantiu que o novo valor possa entrar em vigor ainda este m\u00eas. LEIA MAIS&#8230;<\/p>\n","protected":false},"author":66,"featured_media":0,"comment_status":"open","ping_status":"open","sticky":false,"template":"","format":"standard","meta":{"footnotes":""},"categories":[105],"tags":[],"_links":{"self":[{"href":"https:\/\/acs.org.br\/academy\/wp-json\/wp\/v2\/posts\/113517"}],"collection":[{"href":"https:\/\/acs.org.br\/academy\/wp-json\/wp\/v2\/posts"}],"about":[{"href":"https:\/\/acs.org.br\/academy\/wp-json\/wp\/v2\/types\/post"}],"author":[{"embeddable":true,"href":"https:\/\/acs.org.br\/academy\/wp-json\/wp\/v2\/users\/66"}],"replies":[{"embeddable":true,"href":"https:\/\/acs.org.br\/academy\/wp-json\/wp\/v2\/comments?post=113517"}],"version-history":[{"count":1,"href":"https:\/\/acs.org.br\/academy\/wp-json\/wp\/v2\/posts\/113517\/revisions"}],"predecessor-version":[{"id":113518,"href":"https:\/\/acs.org.br\/academy\/wp-json\/wp\/v2\/posts\/113517\/revisions\/113518"}],"wp:attachment":[{"href":"https:\/\/acs.org.br\/academy\/wp-json\/wp\/v2\/media?parent=113517"}],"wp:term":[{"taxonomy":"category","embeddable":true,"href":"https:\/\/acs.org.br\/academy\/wp-json\/wp\/v2\/categories?post=113517"},{"taxonomy":"post_tag","embeddable":true,"href":"https:\/\/acs.org.br\/academy\/wp-json\/wp\/v2\/tags?post=113517"}],"curies":[{"name":"wp","href":"https:\/\/api.w.org\/{rel}","templated":true}]}}