{"id":113512,"date":"2023-01-16T10:21:56","date_gmt":"2023-01-16T13:21:56","guid":{"rendered":"https:\/\/acs.org.br\/antigo\/?p=113512"},"modified":"2023-01-16T10:21:56","modified_gmt":"2023-01-16T13:21:56","slug":"economia-dolar-opera-em-baixa-em-dia-de-feriado-nos-eua-e-com-investidores-repercutindo-boletim-focus","status":"publish","type":"post","link":"https:\/\/acs.org.br\/academy\/economia-dolar-opera-em-baixa-em-dia-de-feriado-nos-eua-e-com-investidores-repercutindo-boletim-focus\/","title":{"rendered":"ECONOMIA: D\u00f3lar opera em baixa em dia de feriado nos EUA e com investidores repercutindo Boletim Focus"},"content":{"rendered":"<p>Fonte: G1 \u00a0<\/p>\n<p>O d\u00f3lar abriu em leve alta, mas inverteu o sinal e passou a cair nesta segunda-feira (16), dia de liquidez reduzida nos mercados globais por conta do feriado de Anivers\u00e1rio de Martin Luther King Jr. nos Estados Unidos. No mercado interno, investidores repercutem a quinta alta consecutiva nas proje\u00e7\u00f5es para a infla\u00e7\u00e3o de 2023 no Boletim Focus.<\/p>\n<p><a href=\"https:\/\/g1.globo.com\/economia\/noticia\/2023\/01\/16\/dolar.ghtml\">LEIA MAIS&#8230;<\/a><\/p>\n","protected":false},"excerpt":{"rendered":"<p>Fonte: G1 \u00a0 O d\u00f3lar abriu em leve alta, mas inverteu o sinal e passou a cair nesta segunda-feira (16), dia de liquidez reduzida nos mercados globais por conta do feriado de Anivers\u00e1rio de Martin Luther King Jr. nos Estados Unidos. No mercado interno, investidores repercutem a quinta alta consecutiva nas proje\u00e7\u00f5es para a infla\u00e7\u00e3o [&hellip;]<\/p>\n","protected":false},"author":66,"featured_media":0,"comment_status":"open","ping_status":"open","sticky":false,"template":"","format":"standard","meta":{"footnotes":""},"categories":[105],"tags":[],"_links":{"self":[{"href":"https:\/\/acs.org.br\/academy\/wp-json\/wp\/v2\/posts\/113512"}],"collection":[{"href":"https:\/\/acs.org.br\/academy\/wp-json\/wp\/v2\/posts"}],"about":[{"href":"https:\/\/acs.org.br\/academy\/wp-json\/wp\/v2\/types\/post"}],"author":[{"embeddable":true,"href":"https:\/\/acs.org.br\/academy\/wp-json\/wp\/v2\/users\/66"}],"replies":[{"embeddable":true,"href":"https:\/\/acs.org.br\/academy\/wp-json\/wp\/v2\/comments?post=113512"}],"version-history":[{"count":1,"href":"https:\/\/acs.org.br\/academy\/wp-json\/wp\/v2\/posts\/113512\/revisions"}],"predecessor-version":[{"id":113519,"href":"https:\/\/acs.org.br\/academy\/wp-json\/wp\/v2\/posts\/113512\/revisions\/113519"}],"wp:attachment":[{"href":"https:\/\/acs.org.br\/academy\/wp-json\/wp\/v2\/media?parent=113512"}],"wp:term":[{"taxonomy":"category","embeddable":true,"href":"https:\/\/acs.org.br\/academy\/wp-json\/wp\/v2\/categories?post=113512"},{"taxonomy":"post_tag","embeddable":true,"href":"https:\/\/acs.org.br\/academy\/wp-json\/wp\/v2\/tags?post=113512"}],"curies":[{"name":"wp","href":"https:\/\/api.w.org\/{rel}","templated":true}]}}