{"id":113503,"date":"2023-01-13T12:56:22","date_gmt":"2023-01-13T15:56:22","guid":{"rendered":"https:\/\/acs.org.br\/antigo\/?p=113503"},"modified":"2023-01-13T12:56:22","modified_gmt":"2023-01-13T15:56:22","slug":"cafe-producao-mundial-de-cafe-foi-estimada-em-1672-milhoes-de-sacas-de-60kg","status":"publish","type":"post","link":"https:\/\/acs.org.br\/academy\/cafe-producao-mundial-de-cafe-foi-estimada-em-1672-milhoes-de-sacas-de-60kg\/","title":{"rendered":"CAF\u00c9: Produ\u00e7\u00e3o mundial de caf\u00e9 foi estimada em 167,2 milh\u00f5es de sacas de 60kg"},"content":{"rendered":"<p>Fonte: Not\u00edcias Agr\u00edcolas \u00a0<\/p>\n<p>A previs\u00e3o total da produ\u00e7\u00e3o e do consumo de caf\u00e9, em n\u00edvel mundial, estimados para o per\u00edodo de 12 meses seguidos, especificamente de outubro de 2022 a setembro de 2023, tendem a se manter relativamente est\u00e1veis.<\/p>\n<p><a href=\"https:\/\/www.noticiasagricolas.com.br\/noticias\/cafe\/338544-producao-mundial-de-cafe-foi-estimada-em-167-2-milhoes-de-sacas-de-60-kg.html#.Y8FzfHbMLIU\">LEIA MAIS&#8230;<\/a><\/p>\n","protected":false},"excerpt":{"rendered":"<p>Fonte: Not\u00edcias Agr\u00edcolas \u00a0 A previs\u00e3o total da produ\u00e7\u00e3o e do consumo de caf\u00e9, em n\u00edvel mundial, estimados para o per\u00edodo de 12 meses seguidos, especificamente de outubro de 2022 a setembro de 2023, tendem a se manter relativamente est\u00e1veis. LEIA MAIS&#8230;<\/p>\n","protected":false},"author":66,"featured_media":0,"comment_status":"open","ping_status":"open","sticky":false,"template":"","format":"standard","meta":{"footnotes":""},"categories":[105],"tags":[],"_links":{"self":[{"href":"https:\/\/acs.org.br\/academy\/wp-json\/wp\/v2\/posts\/113503"}],"collection":[{"href":"https:\/\/acs.org.br\/academy\/wp-json\/wp\/v2\/posts"}],"about":[{"href":"https:\/\/acs.org.br\/academy\/wp-json\/wp\/v2\/types\/post"}],"author":[{"embeddable":true,"href":"https:\/\/acs.org.br\/academy\/wp-json\/wp\/v2\/users\/66"}],"replies":[{"embeddable":true,"href":"https:\/\/acs.org.br\/academy\/wp-json\/wp\/v2\/comments?post=113503"}],"version-history":[{"count":1,"href":"https:\/\/acs.org.br\/academy\/wp-json\/wp\/v2\/posts\/113503\/revisions"}],"predecessor-version":[{"id":113505,"href":"https:\/\/acs.org.br\/academy\/wp-json\/wp\/v2\/posts\/113503\/revisions\/113505"}],"wp:attachment":[{"href":"https:\/\/acs.org.br\/academy\/wp-json\/wp\/v2\/media?parent=113503"}],"wp:term":[{"taxonomy":"category","embeddable":true,"href":"https:\/\/acs.org.br\/academy\/wp-json\/wp\/v2\/categories?post=113503"},{"taxonomy":"post_tag","embeddable":true,"href":"https:\/\/acs.org.br\/academy\/wp-json\/wp\/v2\/tags?post=113503"}],"curies":[{"name":"wp","href":"https:\/\/api.w.org\/{rel}","templated":true}]}}