{"id":113494,"date":"2023-01-13T12:55:58","date_gmt":"2023-01-13T15:55:58","guid":{"rendered":"https:\/\/acs.org.br\/antigo\/?p=113494"},"modified":"2023-01-13T12:55:58","modified_gmt":"2023-01-13T15:55:58","slug":"cafe-setor-cafeeiro-apresenta-demandas-e-perspectivas-do-setor-ao-ministro-favaro","status":"publish","type":"post","link":"https:\/\/acs.org.br\/academy\/cafe-setor-cafeeiro-apresenta-demandas-e-perspectivas-do-setor-ao-ministro-favaro\/","title":{"rendered":"CAF\u00c9: Setor cafeeiro apresenta demandas e perspectivas do setor ao ministro F\u00e1varo"},"content":{"rendered":"<p>Fonte: Not\u00edcias Agr\u00edcolas \u00a0<\/p>\n<p>O ministro da Agricultura e Pecu\u00e1ria, Carlos F\u00e1varo, recebeu nesta quinta-feira (12) o presidente do Conselho Nacional do Caf\u00e9 (CNC), Silas Brasileiro, acompanhado do deputado federal Z\u00e9 Vitor (PL-MG).<\/p>\n<p><a href=\"https:\/\/www.noticiasagricolas.com.br\/noticias\/cafe\/338545-setor-cafeeiro-apresenta-demandas-e-perspectivas-do-setor-ao-ministro-favaro.html#.Y8F0h3bMLIU\">LEIA MAIS&#8230;<\/a><\/p>\n","protected":false},"excerpt":{"rendered":"<p>Fonte: Not\u00edcias Agr\u00edcolas \u00a0 O ministro da Agricultura e Pecu\u00e1ria, Carlos F\u00e1varo, recebeu nesta quinta-feira (12) o presidente do Conselho Nacional do Caf\u00e9 (CNC), Silas Brasileiro, acompanhado do deputado federal Z\u00e9 Vitor (PL-MG). LEIA MAIS&#8230;<\/p>\n","protected":false},"author":66,"featured_media":0,"comment_status":"open","ping_status":"open","sticky":false,"template":"","format":"standard","meta":{"footnotes":""},"categories":[105],"tags":[],"_links":{"self":[{"href":"https:\/\/acs.org.br\/academy\/wp-json\/wp\/v2\/posts\/113494"}],"collection":[{"href":"https:\/\/acs.org.br\/academy\/wp-json\/wp\/v2\/posts"}],"about":[{"href":"https:\/\/acs.org.br\/academy\/wp-json\/wp\/v2\/types\/post"}],"author":[{"embeddable":true,"href":"https:\/\/acs.org.br\/academy\/wp-json\/wp\/v2\/users\/66"}],"replies":[{"embeddable":true,"href":"https:\/\/acs.org.br\/academy\/wp-json\/wp\/v2\/comments?post=113494"}],"version-history":[{"count":1,"href":"https:\/\/acs.org.br\/academy\/wp-json\/wp\/v2\/posts\/113494\/revisions"}],"predecessor-version":[{"id":113504,"href":"https:\/\/acs.org.br\/academy\/wp-json\/wp\/v2\/posts\/113494\/revisions\/113504"}],"wp:attachment":[{"href":"https:\/\/acs.org.br\/academy\/wp-json\/wp\/v2\/media?parent=113494"}],"wp:term":[{"taxonomy":"category","embeddable":true,"href":"https:\/\/acs.org.br\/academy\/wp-json\/wp\/v2\/categories?post=113494"},{"taxonomy":"post_tag","embeddable":true,"href":"https:\/\/acs.org.br\/academy\/wp-json\/wp\/v2\/tags?post=113494"}],"curies":[{"name":"wp","href":"https:\/\/api.w.org\/{rel}","templated":true}]}}