{"id":113491,"date":"2023-01-13T12:53:23","date_gmt":"2023-01-13T15:53:23","guid":{"rendered":"https:\/\/acs.org.br\/antigo\/?p=113491"},"modified":"2023-01-13T12:53:23","modified_gmt":"2023-01-13T15:53:23","slug":"economia-inflacao-acelerou-em-todas-as-faixas-de-renda-em-dezembro","status":"publish","type":"post","link":"https:\/\/acs.org.br\/academy\/economia-inflacao-acelerou-em-todas-as-faixas-de-renda-em-dezembro\/","title":{"rendered":"ECONOMIA: Infla\u00e7\u00e3o acelerou em todas as faixas de renda em dezembro"},"content":{"rendered":"<p>Fonte: Santaportal<\/p>\n<p>As cestas de compras de todas as faixas de renda tiveram aumento em dezembro, segundo pesquisa divulgada nesta quinta-feira (12) pelo Instituto de Pesquisa Econ\u00f4mica e Aplicada (Ipea). O instituto destrinchou os dados do \u00cdndice de Pre\u00e7os ao Consumidor Amplo (IPCA) e aponta que o aumento de pre\u00e7os foi mais intenso para as fam\u00edlias de renda muito baixa, que ganham menos que R$ 1.726,01.<\/p>\n<p><a href=\"https:\/\/santaportal.com.br\/geral\/inflacao-acelerou-em-todas-as-faixas-de-renda-em-dezembro\/\">LEIA MAIS&#8230;<\/a><\/p>\n","protected":false},"excerpt":{"rendered":"<p>Fonte: Santaportal As cestas de compras de todas as faixas de renda tiveram aumento em dezembro, segundo pesquisa divulgada nesta quinta-feira (12) pelo Instituto de Pesquisa Econ\u00f4mica e Aplicada (Ipea). O instituto destrinchou os dados do \u00cdndice de Pre\u00e7os ao Consumidor Amplo (IPCA) e aponta que o aumento de pre\u00e7os foi mais intenso para as [&hellip;]<\/p>\n","protected":false},"author":66,"featured_media":0,"comment_status":"open","ping_status":"open","sticky":false,"template":"","format":"standard","meta":{"footnotes":""},"categories":[105],"tags":[],"_links":{"self":[{"href":"https:\/\/acs.org.br\/academy\/wp-json\/wp\/v2\/posts\/113491"}],"collection":[{"href":"https:\/\/acs.org.br\/academy\/wp-json\/wp\/v2\/posts"}],"about":[{"href":"https:\/\/acs.org.br\/academy\/wp-json\/wp\/v2\/types\/post"}],"author":[{"embeddable":true,"href":"https:\/\/acs.org.br\/academy\/wp-json\/wp\/v2\/users\/66"}],"replies":[{"embeddable":true,"href":"https:\/\/acs.org.br\/academy\/wp-json\/wp\/v2\/comments?post=113491"}],"version-history":[{"count":1,"href":"https:\/\/acs.org.br\/academy\/wp-json\/wp\/v2\/posts\/113491\/revisions"}],"predecessor-version":[{"id":113498,"href":"https:\/\/acs.org.br\/academy\/wp-json\/wp\/v2\/posts\/113491\/revisions\/113498"}],"wp:attachment":[{"href":"https:\/\/acs.org.br\/academy\/wp-json\/wp\/v2\/media?parent=113491"}],"wp:term":[{"taxonomy":"category","embeddable":true,"href":"https:\/\/acs.org.br\/academy\/wp-json\/wp\/v2\/categories?post=113491"},{"taxonomy":"post_tag","embeddable":true,"href":"https:\/\/acs.org.br\/academy\/wp-json\/wp\/v2\/tags?post=113491"}],"curies":[{"name":"wp","href":"https:\/\/api.w.org\/{rel}","templated":true}]}}