{"id":113489,"date":"2023-01-13T12:50:40","date_gmt":"2023-01-13T15:50:40","guid":{"rendered":"https:\/\/acs.org.br\/antigo\/?p=113489"},"modified":"2023-01-13T12:50:40","modified_gmt":"2023-01-13T15:50:40","slug":"porto-governo-vai-definir-obras-prioritarias-para-os-primeiros-100-dias","status":"publish","type":"post","link":"https:\/\/acs.org.br\/academy\/porto-governo-vai-definir-obras-prioritarias-para-os-primeiros-100-dias\/","title":{"rendered":"PORTO: Governo vai definir obras priorit\u00e1rias para os primeiros 100 dias"},"content":{"rendered":"<p>Fonte: BE News\u00a0\u00a0\u00a0\u00a0\u00a0<\/p>\n<p>O Governo Federal come\u00e7a a elencar as obras, os projetos e as a\u00e7\u00f5es que considera priorit\u00e1rios para os primeiros 100 dias do mandato do presidente Luiz In\u00e1cio Lula da Silva (PT-SP). Na tarde dessa quinta-feira, dia 12, os ministros Rui Costa (PT), da Casa Civil, e M\u00e1rcio Fran\u00e7a (PSB), de Portos e Aeroportos, se reuniram, em Bras\u00edlia, para tratar dessas medidas. Na sequ\u00eancia, o ministro dos Transportes, Renan Filho (MDB), foi recebido por Lula e Rui no Pal\u00e1cio do Planalto para a mesma pauta.<\/p>\n<p><a href=\"https:\/\/portalbenews.com.br\/editoria\/nacional\/governo-vai-definir-obras-prioritarias-para-os-primeiros-100-dias\/\">LEIA MAIS&#8230;<\/a><\/p>\n","protected":false},"excerpt":{"rendered":"<p>Fonte: BE News\u00a0\u00a0\u00a0\u00a0\u00a0 O Governo Federal come\u00e7a a elencar as obras, os projetos e as a\u00e7\u00f5es que considera priorit\u00e1rios para os primeiros 100 dias do mandato do presidente Luiz In\u00e1cio Lula da Silva (PT-SP). Na tarde dessa quinta-feira, dia 12, os ministros Rui Costa (PT), da Casa Civil, e M\u00e1rcio Fran\u00e7a (PSB), de Portos e [&hellip;]<\/p>\n","protected":false},"author":66,"featured_media":0,"comment_status":"open","ping_status":"open","sticky":false,"template":"","format":"standard","meta":{"footnotes":""},"categories":[105],"tags":[],"_links":{"self":[{"href":"https:\/\/acs.org.br\/academy\/wp-json\/wp\/v2\/posts\/113489"}],"collection":[{"href":"https:\/\/acs.org.br\/academy\/wp-json\/wp\/v2\/posts"}],"about":[{"href":"https:\/\/acs.org.br\/academy\/wp-json\/wp\/v2\/types\/post"}],"author":[{"embeddable":true,"href":"https:\/\/acs.org.br\/academy\/wp-json\/wp\/v2\/users\/66"}],"replies":[{"embeddable":true,"href":"https:\/\/acs.org.br\/academy\/wp-json\/wp\/v2\/comments?post=113489"}],"version-history":[{"count":1,"href":"https:\/\/acs.org.br\/academy\/wp-json\/wp\/v2\/posts\/113489\/revisions"}],"predecessor-version":[{"id":113495,"href":"https:\/\/acs.org.br\/academy\/wp-json\/wp\/v2\/posts\/113489\/revisions\/113495"}],"wp:attachment":[{"href":"https:\/\/acs.org.br\/academy\/wp-json\/wp\/v2\/media?parent=113489"}],"wp:term":[{"taxonomy":"category","embeddable":true,"href":"https:\/\/acs.org.br\/academy\/wp-json\/wp\/v2\/categories?post=113489"},{"taxonomy":"post_tag","embeddable":true,"href":"https:\/\/acs.org.br\/academy\/wp-json\/wp\/v2\/tags?post=113489"}],"curies":[{"name":"wp","href":"https:\/\/api.w.org\/{rel}","templated":true}]}}