{"id":113474,"date":"2023-01-12T13:40:53","date_gmt":"2023-01-12T16:40:53","guid":{"rendered":"https:\/\/acs.org.br\/antigo\/?p=113474"},"modified":"2023-01-12T13:40:53","modified_gmt":"2023-01-12T16:40:53","slug":"comercio-exterior-exportacoes-de-frango-do-brasil-encerram-2022-com-recorde","status":"publish","type":"post","link":"https:\/\/acs.org.br\/academy\/comercio-exterior-exportacoes-de-frango-do-brasil-encerram-2022-com-recorde\/","title":{"rendered":"COM\u00c9RCIO EXTERIOR: Exporta\u00e7\u00f5es de frango do Brasil encerram 2022 com recorde"},"content":{"rendered":"<p>Fonte: Ag\u00eancia Porto \u00a0\u00a0\u00a0<\/p>\n<p>As exporta\u00e7\u00f5es brasileiras de carne de frango \u2013 considerando todos os produtos, entre in natura e processados \u2013 totalizaram 4,8 milh\u00f5es de toneladas ao longo de 2022. O volume \u00e9 recorde hist\u00f3rico e supera em 4,6% o total exportado nos doze meses de 2021, com 4,6 milh\u00f5es de toneladas.<\/p>\n<p><a href=\"https:\/\/agenciaporto.com\/noticias\/exportacoes-de-frango-do-brasil-encerram-2022-com-recorde\">LEIA MAIS&#8230;<\/a><\/p>\n","protected":false},"excerpt":{"rendered":"<p>Fonte: Ag\u00eancia Porto \u00a0\u00a0\u00a0 As exporta\u00e7\u00f5es brasileiras de carne de frango \u2013 considerando todos os produtos, entre in natura e processados \u2013 totalizaram 4,8 milh\u00f5es de toneladas ao longo de 2022. O volume \u00e9 recorde hist\u00f3rico e supera em 4,6% o total exportado nos doze meses de 2021, com 4,6 milh\u00f5es de toneladas. LEIA MAIS&#8230;<\/p>\n","protected":false},"author":66,"featured_media":0,"comment_status":"open","ping_status":"open","sticky":false,"template":"","format":"standard","meta":{"footnotes":""},"categories":[105],"tags":[],"_links":{"self":[{"href":"https:\/\/acs.org.br\/academy\/wp-json\/wp\/v2\/posts\/113474"}],"collection":[{"href":"https:\/\/acs.org.br\/academy\/wp-json\/wp\/v2\/posts"}],"about":[{"href":"https:\/\/acs.org.br\/academy\/wp-json\/wp\/v2\/types\/post"}],"author":[{"embeddable":true,"href":"https:\/\/acs.org.br\/academy\/wp-json\/wp\/v2\/users\/66"}],"replies":[{"embeddable":true,"href":"https:\/\/acs.org.br\/academy\/wp-json\/wp\/v2\/comments?post=113474"}],"version-history":[{"count":1,"href":"https:\/\/acs.org.br\/academy\/wp-json\/wp\/v2\/posts\/113474\/revisions"}],"predecessor-version":[{"id":113478,"href":"https:\/\/acs.org.br\/academy\/wp-json\/wp\/v2\/posts\/113474\/revisions\/113478"}],"wp:attachment":[{"href":"https:\/\/acs.org.br\/academy\/wp-json\/wp\/v2\/media?parent=113474"}],"wp:term":[{"taxonomy":"category","embeddable":true,"href":"https:\/\/acs.org.br\/academy\/wp-json\/wp\/v2\/categories?post=113474"},{"taxonomy":"post_tag","embeddable":true,"href":"https:\/\/acs.org.br\/academy\/wp-json\/wp\/v2\/tags?post=113474"}],"curies":[{"name":"wp","href":"https:\/\/api.w.org\/{rel}","templated":true}]}}