{"id":113473,"date":"2023-01-12T13:40:22","date_gmt":"2023-01-12T16:40:22","guid":{"rendered":"https:\/\/acs.org.br\/antigo\/?p=113473"},"modified":"2023-01-12T13:40:22","modified_gmt":"2023-01-12T16:40:22","slug":"comercio-exterior-sob-nova-gestao-apexbrasil-inclui-sustentabilidade-e-energia-renovavel-entre-suas-prioridades","status":"publish","type":"post","link":"https:\/\/acs.org.br\/academy\/comercio-exterior-sob-nova-gestao-apexbrasil-inclui-sustentabilidade-e-energia-renovavel-entre-suas-prioridades\/","title":{"rendered":"COM\u00c9RCIO EXTERIOR: Sob nova gest\u00e3o, ApexBrasil inclui sustentabilidade e energia renov\u00e1vel entre suas prioridades"},"content":{"rendered":"<p>Fonte: Ag\u00eancia Porto\u00a0\u00a0\u00a0\u00a0<\/p>\n<p>A sustentabilidade, as mudan\u00e7as clim\u00e1ticas, energias renov\u00e1veis e a agenda ESG (meio ambiente, social e governan\u00e7a) estar\u00e3o entre os princ\u00edpios norteadores das a\u00e7\u00f5es da Ag\u00eancia Brasileira de Promo\u00e7\u00e3o de Exporta\u00e7\u00f5es e Investimentos (ApexBrasil), de acordo com diretrizes anunciadas pelo Presidente da Ag\u00eancia, Jorge Viana.<\/p>\n<p><a href=\"https:\/\/agenciaporto.com\/noticias\/sob-nova-gestao-apexbrasil-inclui-sustentabilidade-e-energia-renovavel-entre-suas-prioridades\">LEIA MAIS&#8230;<\/a><\/p>\n","protected":false},"excerpt":{"rendered":"<p>Fonte: Ag\u00eancia Porto\u00a0\u00a0\u00a0\u00a0 A sustentabilidade, as mudan\u00e7as clim\u00e1ticas, energias renov\u00e1veis e a agenda ESG (meio ambiente, social e governan\u00e7a) estar\u00e3o entre os princ\u00edpios norteadores das a\u00e7\u00f5es da Ag\u00eancia Brasileira de Promo\u00e7\u00e3o de Exporta\u00e7\u00f5es e Investimentos (ApexBrasil), de acordo com diretrizes anunciadas pelo Presidente da Ag\u00eancia, Jorge Viana. LEIA MAIS&#8230;<\/p>\n","protected":false},"author":66,"featured_media":0,"comment_status":"open","ping_status":"open","sticky":false,"template":"","format":"standard","meta":{"footnotes":""},"categories":[105],"tags":[],"_links":{"self":[{"href":"https:\/\/acs.org.br\/academy\/wp-json\/wp\/v2\/posts\/113473"}],"collection":[{"href":"https:\/\/acs.org.br\/academy\/wp-json\/wp\/v2\/posts"}],"about":[{"href":"https:\/\/acs.org.br\/academy\/wp-json\/wp\/v2\/types\/post"}],"author":[{"embeddable":true,"href":"https:\/\/acs.org.br\/academy\/wp-json\/wp\/v2\/users\/66"}],"replies":[{"embeddable":true,"href":"https:\/\/acs.org.br\/academy\/wp-json\/wp\/v2\/comments?post=113473"}],"version-history":[{"count":1,"href":"https:\/\/acs.org.br\/academy\/wp-json\/wp\/v2\/posts\/113473\/revisions"}],"predecessor-version":[{"id":113477,"href":"https:\/\/acs.org.br\/academy\/wp-json\/wp\/v2\/posts\/113473\/revisions\/113477"}],"wp:attachment":[{"href":"https:\/\/acs.org.br\/academy\/wp-json\/wp\/v2\/media?parent=113473"}],"wp:term":[{"taxonomy":"category","embeddable":true,"href":"https:\/\/acs.org.br\/academy\/wp-json\/wp\/v2\/categories?post=113473"},{"taxonomy":"post_tag","embeddable":true,"href":"https:\/\/acs.org.br\/academy\/wp-json\/wp\/v2\/tags?post=113473"}],"curies":[{"name":"wp","href":"https:\/\/api.w.org\/{rel}","templated":true}]}}